{"id":19960,"date":"2021-04-13T01:33:09","date_gmt":"2021-04-13T01:33:09","guid":{"rendered":"https:\/\/www.radiopresidenteibanez.cl\/web\/?p=19960"},"modified":"2021-04-13T01:33:15","modified_gmt":"2021-04-13T01:33:15","slug":"mujeres-destacadas-2021-se-convertiran-en-agentes-de-sensibilizacion-para-la-prevencion-de-la-violencia-contra-la-mujer","status":"publish","type":"post","link":"https:\/\/www.radiopresidenteibanez.cl\/web\/mujeres-destacadas-2021-se-convertiran-en-agentes-de-sensibilizacion-para-la-prevencion-de-la-violencia-contra-la-mujer\/","title":{"rendered":"MUJERES DESTACADAS 2021 SE CONVERTIR\u00c1N EN AGENTES DE SENSIBILIZACI\u00d3N PARA LA PREVENCI\u00d3N DE LA VIOLENCIA CONTRA LA MUJER"},"content":{"rendered":"\n<p>Las lideresas\nde la regi\u00f3n est\u00e1n motivadas con seguir aportando a la ciudadan\u00eda y una manera\nde hacerlo es entregando informaci\u00f3n a la comunidad en donde est\u00e1n insertas,\nsobre todo de las distintas instancias que hay para prevenci\u00f3n, atenci\u00f3n y\nprotecci\u00f3n a las mujeres que viven violencia en su relaci\u00f3n de pareja.<\/p>\n\n\n\n<p>La Seremi de la\nMujer y la Equidad de G\u00e9nero de Magallanes Daisy Carrera Ocaranza visit\u00f3 a las\ncinco mujeres reconocidas este 8 de Marzo, D\u00eda Internacional de la Mujer, y\ncada una de ellas se comprometi\u00f3 a realizar una labor de difusi\u00f3n y sensibilizaci\u00f3n\nen el marco del desarrollo de sus actividades habituales.&nbsp; De esta forma se ampliar\u00e1 el p\u00fablico objetivo\nde la informaci\u00f3n ya que desarrollan actividades muy diversas. <\/p>\n\n\n\n<p>Ellas\nexplicar\u00e1n en qu\u00e9 consisten los canales de informaci\u00f3n como\nel 1455, fono de orientaci\u00f3n, atendido por especialistas en violencia, que\nentrega ayuda a todas las mujeres que sufren o son testigos de maltrato f\u00edsico\ny\/o psicol\u00f3gico. Tambi\u00e9n existe el Whatsapp del Ministerio de la Mujer:\n(+56997007000) herramienta que orienta y ofrece ayuda v\u00eda mensajes silenciosos\na todas las mujeres que sufren violencia.<\/p>\n\n\n\n<p>Agreg\u00f3 la\nSeremi que informar\u00e1n a d\u00f3nde pueden recurrir los hombres que desean cambiar y\nque tienen una conducta abusiva hacia las mujeres con las que comparten su vida.&nbsp; Prevenir la violencia contra la mujer es una\nresponsabilidad que debe asumir cada persona desde donde se encuentre,\nmanifest\u00f3 la Seremi, por eso es que valora esta iniciativa, que permitir\u00e1 que\nm\u00e1s personas cuenten con la informaci\u00f3n necesaria para pedir ayuda.<\/p>\n\n\n\n<p>Tambi\u00e9n se hace\nnecesario reiterar que las denuncias por violencia contra la mujer deben\nhacerse a los tel\u00e9fonos de Carabineros: 133, Polic\u00eda de Investigaciones: 134, o\ndirectamente en Fiscal\u00eda.<\/p>\n\n\n\n<p>Cabe recordar\nque las mujeres reconocidas este a\u00f1o se desempe\u00f1an en los \u00e1mbitos de las\nciencias, iglesia, social, educaci\u00f3n y salud. Ellas son:&nbsp; Blanca Barrientos Andrade &#8211; Pastora\nEvang\u00e9lica que ha enfocado la mayor parte de su tiempo apoyando a mujeres y\nfamilias de la ciudad en el \u00e1rea espiritual, econ\u00f3mico y emocional; Claudia\nPatricia C\u00e1rdenas Gallardo &#8211; 20 a\u00f1os de Dirigencia Social y Comunitaria.\nParticipaci\u00f3n como usuaria en Programa Mujeres Jefas de Hogar haciendo curso de\nMonitora de prevenci\u00f3n de violencia contra la mujer; Carolina Gysling Brinkmann\n&#8211; Fundadora del centro ecuestre Aires, cuyo objetivo es trabajar para mejorar\nla salud f\u00edsica y mental de ni\u00f1os y adultos, a trav\u00e9s de distintas disciplinas\necuestres;&nbsp; Mirna Ramos Montiel, no s\u00f3lo\nes una destacada dirigente y lideresa, sino que tambi\u00e9n es una docente que ha\npasado del aula a la gesti\u00f3n de la educaci\u00f3n p\u00fablica donde hoy se desempe\u00f1a; y;\nDiana Schofield Astorga &#8211; Trabaja en el Centro Regional Fundaci\u00f3n Cequa como\ninvestigadora y encargada del Laboratorio de Gen\u00e9tica y Gen\u00f3mica.<\/p>\n","protected":false},"excerpt":{"rendered":"<p>Las lideresas de la regi\u00f3n est\u00e1n motivadas con seguir aportando a la ciudadan\u00eda y una manera de hacerlo es entregando informaci\u00f3n a la comunidad en donde est\u00e1n insertas, sobre todo&#8230; <a class=\"read-more\" href=\"https:\/\/www.radiopresidenteibanez.cl\/web\/mujeres-destacadas-2021-se-convertiran-en-agentes-de-sensibilizacion-para-la-prevencion-de-la-violencia-contra-la-mujer\/\">Leer m\u00e1s<\/a><\/p>\n","protected":false},"author":2,"featured_media":19961,"comment_status":"closed","ping_status":"closed","sticky":false,"template":"","format":"standard","meta":{"footnotes":""},"categories":[1],"tags":[],"class_list":["post-19960","post","type-post","status-publish","format-standard","has-post-thumbnail","hentry","category-cronica"],"_links":{"self":[{"href":"https:\/\/www.radiopresidenteibanez.cl\/web\/wp-json\/wp\/v2\/posts\/19960","targetHints":{"allow":["GET"]}}],"collection":[{"href":"https:\/\/www.radiopresidenteibanez.cl\/web\/wp-json\/wp\/v2\/posts"}],"about":[{"href":"https:\/\/www.radiopresidenteibanez.cl\/web\/wp-json\/wp\/v2\/types\/post"}],"author":[{"embeddable":true,"href":"https:\/\/www.radiopresidenteibanez.cl\/web\/wp-json\/wp\/v2\/users\/2"}],"replies":[{"embeddable":true,"href":"https:\/\/www.radiopresidenteibanez.cl\/web\/wp-json\/wp\/v2\/comments?post=19960"}],"version-history":[{"count":0,"href":"https:\/\/www.radiopresidenteibanez.cl\/web\/wp-json\/wp\/v2\/posts\/19960\/revisions"}],"wp:featuredmedia":[{"embeddable":true,"href":"https:\/\/www.radiopresidenteibanez.cl\/web\/wp-json\/wp\/v2\/media\/19961"}],"wp:attachment":[{"href":"https:\/\/www.radiopresidenteibanez.cl\/web\/wp-json\/wp\/v2\/media?parent=19960"}],"wp:term":[{"taxonomy":"category","embeddable":true,"href":"https:\/\/www.radiopresidenteibanez.cl\/web\/wp-json\/wp\/v2\/categories?post=19960"},{"taxonomy":"post_tag","embeddable":true,"href":"https:\/\/www.radiopresidenteibanez.cl\/web\/wp-json\/wp\/v2\/tags?post=19960"}],"curies":[{"name":"wp","href":"https:\/\/api.w.org\/{rel}","templated":true}]}}