{"id":19938,"date":"2021-04-12T15:14:26","date_gmt":"2021-04-12T15:14:26","guid":{"rendered":"https:\/\/www.radiopresidenteibanez.cl\/web\/?p=19938"},"modified":"2021-04-12T15:14:31","modified_gmt":"2021-04-12T15:14:31","slug":"trabajo-y-solidaridad-por-ernesto-sepulveda","status":"publish","type":"post","link":"https:\/\/www.radiopresidenteibanez.cl\/web\/trabajo-y-solidaridad-por-ernesto-sepulveda\/","title":{"rendered":"\u00abTRABAJO Y SOLIDARIDAD\u00bb por Ernesto Sep\u00falveda"},"content":{"rendered":"\n<p>Las galopantes cifras de la pandemia Covid, en las\nprincipales regiones de Chile, ha&nbsp;\ngenerado una serie de interrogantes acerca de la estrategia sanitaria.\nEl establecimiento de prolongadas cuarentenas y el confinamiento masivo de la\npoblaci\u00f3n, parecieran no ser suficientes, para reducir la tasa de\ncontagios.&nbsp; Un aprendizaje que le ha\nservido tambi\u00e9n a otros pa\u00edses, es que una exitosa campa\u00f1a de vacunaci\u00f3n, no\nbasta para impedir que se siga propagando el virus. Nuestra etapa actual,\ndemuestra que estamos lejos de cantar victoria. Reducir la movilidad es una\nparte, lograr una m\u00e1s eficaz estrategia de testeo, trazabilidad y aislamiento,\nes algo fundamental. De lo que vivimos en el territorio de la zona extrema,\nMagallanes, podemos aportar tambi\u00e9n algunas ense\u00f1anzas. Al cabo de un a\u00f1o de\nconfinamiento en base 1 y fase 2, logramos pasar a fase 3, y en localidades mas\npeque\u00f1as, a fases superiores. Con una exitosa y masiva vacunaci\u00f3n, seguimos\nentre las regiones con mas bajos casos. Sin embargo, nuevamente est\u00e1n surgiendo\nfocos de contagio, en los mismos lugares que hace un a\u00f1o atr\u00e1s. Tambi\u00e9n se\nempieza a producir la multiplicaci\u00f3n de eventos de reuniones sociales, y\nfiestas si respetar aforo. Muchos tememos, que se vuelva a producir la misma\nescalada de 2020. <\/p>\n\n\n\n<p>&nbsp;&nbsp;&nbsp;&nbsp;&nbsp;&nbsp;&nbsp;&nbsp;&nbsp;&nbsp;&nbsp;&nbsp;&nbsp;&nbsp;&nbsp;&nbsp;&nbsp;&nbsp;&nbsp;&nbsp;&nbsp;&nbsp;&nbsp; Por\nlo pronto, resulta imprescindible, replicar experiencias exitosas de\nprevenci\u00f3n, implementadas en los sectores esenciales. Particularmente en el\nsector construcci\u00f3n. El establecimiento de controles preventivos, aplicaci\u00f3n de\ntest de ant\u00edgeno. EL cual se obtiene su resultado en escasos minutos, ha sido\nun elemento fundamental para evitar los focos, en las \u00e1reas productivas. Pero\nesta estrategia, requiere no s\u00f3lo, el apoyo de las autoridades, para que pueda\nser replicado en toda actividad laboral, que se este desarrollando. Tambi\u00e9n\nrequiere del compromiso de los empleadores y sus trabajadores. La colaboraci\u00f3n\nes esencial. Y esa voluntad de aportar a la seguridad sanitaria de todos, de la\ncomunidad, se debe demostrar cada d\u00eda, Respetando horarios de toque de queda,\naforos m\u00e1ximos, distancia f\u00edsica, y por supuesto uso de mascarilla y lavado de\nmanos. Pero tambi\u00e9n, al momento de entregar informaci\u00f3n fidedigna y completa a\nlas pesquisas sanitarias. Lo vimos ac\u00e1 en Magallanes, el a\u00f1o pasado, cuando\nest\u00e1bamos en el peack de contagios. Las personas Covid positivas, informaban\ncomo m\u00e1ximo dos contactos estrechos. Se ocultaba la informaci\u00f3n de las dem\u00e1s\npersonas, por temor a perjudicarlas. Una p\u00e9sima lectura de la realidad. Y una\nirresponsabilidad, no s\u00f3lo consigo mismos, sino con sus familias y entorno\ncercano.<\/p>\n\n\n\n<p>&nbsp;&nbsp;&nbsp;&nbsp;&nbsp;&nbsp;&nbsp;&nbsp;&nbsp;&nbsp;&nbsp;&nbsp;&nbsp;&nbsp;&nbsp;&nbsp;&nbsp;&nbsp;&nbsp;&nbsp;&nbsp;&nbsp;&nbsp;&nbsp;&nbsp;&nbsp;&nbsp;&nbsp;&nbsp;&nbsp;&nbsp;&nbsp;&nbsp;&nbsp;&nbsp; Dentro\nde todo este escenario de preocupaci\u00f3n, hay esperanzas. No s\u00f3lo en la\nconstrucci\u00f3n despliegan esfuerzos, tambi\u00e9n lo ha hecho la miner\u00eda, el sector\nacu\u00edcola, la agricultura. Por su parte la autoridad del trabajo, ha aportado,\naclarando las facultades que dentro de la pandemia Covid, tiene el empleador.\nEn concreto, se reitera su obligaci\u00f3n de adoptar, todas las medidas necesarias\npara proteger la vida y salud de sus trabajadores. Se establece que el\nempleador en cumplimiento de esta obligaci\u00f3n, puede disponer la toma de\nmuestras PCR, para catastrar contagios en el \u00e1mbito laboral. Siempre y cuando\nse respete los derechos fundamentales de los trabajadores. Esto resulta muy\nimportante, para la tranquilidad y seguridad de los trabajadores. Asimismo, en\nlos sectores esenciales de la econom\u00eda, se ha implementado un programa de\nvacunaci\u00f3n Covid, que ha tenido una excelente acogida entre los trabajadores. Y\nhuelga decir, que promover la vacunaci\u00f3n de todos los trabajadores y\ntrabajadoras, resulta imprescindible, si aspiramos a superar esta etapa de la\npandemia.<\/p>\n\n\n\n<p>&nbsp;&nbsp;&nbsp;&nbsp;&nbsp;&nbsp;&nbsp;&nbsp;&nbsp;&nbsp;&nbsp;&nbsp;&nbsp;&nbsp;&nbsp;&nbsp;&nbsp;&nbsp;&nbsp;&nbsp;&nbsp;&nbsp;&nbsp;&nbsp;&nbsp;&nbsp;&nbsp;&nbsp;&nbsp;&nbsp;&nbsp;&nbsp;&nbsp;&nbsp;&nbsp; Con\ntoda seguridad, en las pr\u00f3ximas semanas, seguiremos con cifras altas de\ncontagios a nivel pa\u00eds, por lo que debemos seguir esforz\u00e1ndonos cada quien\ndesde su lugar y de su \u00e1rea, para hacer un aporte positivo, para aliviar a los\ndem\u00e1s. En lo que respecta a nuestra regi\u00f3n de Magallanes, debemos insistir en\nuna conducta de responsabilidad. No podemos volver a repetir los errores del\na\u00f1o pasado. Sectores altamente intensivos en mano de obra, en faenas de\ntemporada, deben extremar cuidados, tomar los test PCR y test de ant\u00edgenos\nantes de iniciar faenas. Y catastrar peri\u00f3dicamente a la totalidad de sus\ntrabajadores. Por otra parte, quienes incurren en infracciones a las\nprohibiciones y restricciones sanitarias, deben ser sancionados como\ncorresponde. Pero desde ya, que reciban la sanci\u00f3n de una sociedad indignada\ncon justa raz\u00f3n.<\/p>\n\n\n\n<p>&nbsp;&nbsp;&nbsp;&nbsp;&nbsp;&nbsp;&nbsp;&nbsp;&nbsp;&nbsp;&nbsp;&nbsp;&nbsp;&nbsp;&nbsp;&nbsp;&nbsp;&nbsp;&nbsp;&nbsp;&nbsp;&nbsp;&nbsp;&nbsp;&nbsp;&nbsp;&nbsp;&nbsp;&nbsp;&nbsp;&nbsp;&nbsp;&nbsp;&nbsp;&nbsp; A\u00fan\nnos queda mucho por recorrer, pero desde otros continentes, nos llegan luces de\nesperanza. En Israel, ya han retornado a las actividades normales, lo \u00fanico que\nest\u00e1 detenido es el transporte a\u00e9reo internacional. Despu\u00e9s de un masivo y\nacelerado proceso de vacunaci\u00f3n, han reducido a niveles m\u00ednimos los contagios.\nTan es as\u00ed, que ya se autoriza circular sin mascarilla, y sin distanciamiento\nf\u00edsico.<\/p>\n\n\n\n<p>&nbsp;&nbsp;&nbsp;&nbsp;&nbsp;&nbsp;&nbsp;&nbsp;&nbsp;&nbsp;&nbsp;&nbsp;&nbsp;&nbsp;&nbsp;&nbsp;&nbsp;&nbsp;&nbsp;&nbsp;&nbsp;&nbsp;&nbsp;&nbsp;&nbsp;&nbsp;&nbsp;&nbsp;&nbsp;&nbsp;&nbsp;&nbsp;&nbsp;&nbsp;&nbsp; A\u00fan\nestamos, muy lejos, de llegar a eso, pero lo podemos lograr, y esperamos que\ntodos quienes ejercen una actividad p\u00fablica, los l\u00edderes de opini\u00f3n, y tambi\u00e9n\na los ciudadanos y ciudadanas, que esperan representarnos en las elecciones de\nmayo pr\u00f3ximo, se unan en este clamor. Pedir responsabilidad, colaboraci\u00f3n,\nrespeto. La solidaridad ahora, tiene rostro, nombre y apellido, son los miles\nde trabajadores y trabajadoras sanitarios, que se la est\u00e1n jugando toda, por\nsalvar vidas. No debemos fallarles.<\/p>\n\n\n\n<p>Ernesto Sep\u00falveda Tornero<\/p>\n","protected":false},"excerpt":{"rendered":"<p>Las galopantes cifras de la pandemia Covid, en las principales regiones de Chile, ha&nbsp; generado una serie de interrogantes acerca de la estrategia sanitaria. El establecimiento de prolongadas cuarentenas y&#8230; <a class=\"read-more\" href=\"https:\/\/www.radiopresidenteibanez.cl\/web\/trabajo-y-solidaridad-por-ernesto-sepulveda\/\">Leer m\u00e1s<\/a><\/p>\n","protected":false},"author":2,"featured_media":2310,"comment_status":"closed","ping_status":"closed","sticky":false,"template":"","format":"standard","meta":{"footnotes":""},"categories":[1],"tags":[],"class_list":["post-19938","post","type-post","status-publish","format-standard","has-post-thumbnail","hentry","category-cronica"],"_links":{"self":[{"href":"https:\/\/www.radiopresidenteibanez.cl\/web\/wp-json\/wp\/v2\/posts\/19938","targetHints":{"allow":["GET"]}}],"collection":[{"href":"https:\/\/www.radiopresidenteibanez.cl\/web\/wp-json\/wp\/v2\/posts"}],"about":[{"href":"https:\/\/www.radiopresidenteibanez.cl\/web\/wp-json\/wp\/v2\/types\/post"}],"author":[{"embeddable":true,"href":"https:\/\/www.radiopresidenteibanez.cl\/web\/wp-json\/wp\/v2\/users\/2"}],"replies":[{"embeddable":true,"href":"https:\/\/www.radiopresidenteibanez.cl\/web\/wp-json\/wp\/v2\/comments?post=19938"}],"version-history":[{"count":0,"href":"https:\/\/www.radiopresidenteibanez.cl\/web\/wp-json\/wp\/v2\/posts\/19938\/revisions"}],"wp:featuredmedia":[{"embeddable":true,"href":"https:\/\/www.radiopresidenteibanez.cl\/web\/wp-json\/wp\/v2\/media\/2310"}],"wp:attachment":[{"href":"https:\/\/www.radiopresidenteibanez.cl\/web\/wp-json\/wp\/v2\/media?parent=19938"}],"wp:term":[{"taxonomy":"category","embeddable":true,"href":"https:\/\/www.radiopresidenteibanez.cl\/web\/wp-json\/wp\/v2\/categories?post=19938"},{"taxonomy":"post_tag","embeddable":true,"href":"https:\/\/www.radiopresidenteibanez.cl\/web\/wp-json\/wp\/v2\/tags?post=19938"}],"curies":[{"name":"wp","href":"https:\/\/api.w.org\/{rel}","templated":true}]}}