{"id":19918,"date":"2021-04-11T20:48:46","date_gmt":"2021-04-11T20:48:46","guid":{"rendered":"https:\/\/www.radiopresidenteibanez.cl\/web\/?p=19918"},"modified":"2021-04-11T20:48:51","modified_gmt":"2021-04-11T20:48:51","slug":"prodemu-lanza-libro-autonomas-y-estudio-participacion-de-las-mujeres-en-las-proximas-elecciones","status":"publish","type":"post","link":"https:\/\/www.radiopresidenteibanez.cl\/web\/prodemu-lanza-libro-autonomas-y-estudio-participacion-de-las-mujeres-en-las-proximas-elecciones\/","title":{"rendered":"PRODEMU LANZA LIBRO \u201cAUT\u00d3NOMAS\u201d Y ESTUDIO PARTICIPACI\u00d3N DE LAS MUJERES EN LAS PR\u00d3XIMAS ELECCIONES"},"content":{"rendered":"\n<p>PRODEMU, fundaci\u00f3n para desarrollo y promoci\u00f3n de la mujer, lanz\u00f3 el pasado\n7 de abril v\u00eda zoom su libro \u201cAut\u00f3nomas\u201d, el cual cuenta a trav\u00e9s de\ntestimonios, fotograf\u00edas, cifras, historias y material de archivo, los 30 a\u00f1os\nde vida de la instituci\u00f3n que preside la Primera Dama, Cecilia Morel. <\/p>\n\n\n\n<p>La presentaci\u00f3n estuvo a cargo de Paola Diez B., directora nacional de\nPRODEMU y Patricia Rivera, acad\u00e9mica de la Universidad Alberto Hurtado, quienes\nen una conversaci\u00f3n abierta a todo el p\u00fablico comentaron y reflexionaron sobre\nestos \u00faltimos 30 a\u00f1os, el trabajo de PRODEMU, los avances de las mujeres en\nt\u00e9rminos de derechos y autonom\u00edas.<\/p>\n\n\n\n<p>Para la directora, \u201cAut\u00f3nomas\u201d, \u201ccontiene los relatos de empoderamiento de\nmuchas chilenas, que se leen a trav\u00e9s del recorrido de los 30 a\u00f1os de\nexistencia de una de las instituciones m\u00e1s emblem\u00e1ticas de nuestro pa\u00eds en el\ntrabajo comprometido con el desarrollo integral de las mujeres. Sostenida en\ndatos concretos, asimismo, se relevan las brechas y realidades que viven las\nmujeres en las zonas extremas de nuestro pa\u00eds\u201d.<\/p>\n\n\n\n<p>En su presentaci\u00f3n la acad\u00e9mica Patricia Rivera se\u00f1al\u00f3 que \u00abAut\u00f3nomas\u201d\n\u201cvisibiliza y da cabida a las voces de las mujeres de su fundaci\u00f3n. Releva sus\nhistorias y las pone en condiciones de igualdad para compartir sus testimonios\nde aprendizaje, empoderamiento y logros. Nos cuenta de mujeres fuertes, con\nesperanza, que han modificado sus destinos.&nbsp;\nPoner rostro y palabras a quienes los medios de masas no suelen escuchar\n(y muchas veces solo estereotipan) es relevante para ellas, para nosotras, y\npara todo el diverso tejido social que compone nuestro pa\u00eds.\u00bb<\/p>\n\n\n\n<p>Las mujeres cultivan redes, conservan las costumbres, son escuchadas y hoy\nquieren tomar decisiones porque est\u00e1n informadas.<\/p>\n\n\n\n<p>La Primera Dama y presidenta de PRODEMU, Cecilia Morel M. envi\u00f3 un saludo a\nquienes son parte de la historia de la fundaci\u00f3n y se\u00f1al\u00f3 que \u201csomos\nconscientes que hay una deuda hist\u00f3rica con las mujeres, sin embargo, el\ntrabajo que ha realizado PRODEMU en estos 30 a\u00f1os, y que se refleja en el libro\nAut\u00f3nomas, ha contribuido a que hoy miles de ellas est\u00e9n m\u00e1s empoderadas,\npuedan expresar su opini\u00f3n y ser reconocidas\u201d.<\/p>\n\n\n\n<p>Para la directora regional de PRODEMU, Gabriela S\u00e1nchez Ca\u00f1ete, \u201cel libro\n\u2018Aut\u00f3nomas\u2019 es un aporte de vida, de la historia de las mujeres de cada\nterritorio, de la gesti\u00f3n y trabajo de PRODEMU para el empoderamiento de las\nmujeres en cada una de sus autonom\u00edas, es un legado para las mujeres chilenas\u201d.<\/p>\n\n\n\n<p><strong>Estudio<\/strong><\/p>\n\n\n\n<p>Por otro lado, el estudio \u201cParticipaci\u00f3n de las Mujeres en el Proceso\nDemocr\u00e1tico en Chile\u201d, busca responder c\u00f3mo ser\u00e1 su participaci\u00f3n en las\npr\u00f3ximas elecciones y sus prioridades a la hora de hacer cambios en la\nconstituci\u00f3n. Esta encuesta realizada a m\u00e1s de 600 mujeres en todo Chile,\nrevela que un 99.5% de las encuestadas quieren un cambio en la salud, seguido\nde educaci\u00f3n y pensiones con un 99.2% y 99.1%. <\/p>\n\n\n\n<p>Adem\u00e1s, el estudio arroja que, entre las expectativas de este proceso, la\nnueva carta magna permitir\u00e1 mejorar en un 69% la educaci\u00f3n, un 68% las\npensiones y un 66% cree que mejorar\u00e1 la salud. Por \u00faltimo, llama la atenci\u00f3n el\nalto inter\u00e9s en participar, donde 7 de cada 10 encuestadas tiene intenci\u00f3n de votar\nen todos los procesos electorales agendados por el SERVEL hasta 2022.<\/p>\n\n\n\n<p>Ambas publicaciones se pueden encontrar en la p\u00e1gina web <a href=\"http:\/\/www.prodemu.cl\">www.prodemu.cl<\/a> <\/p>\n","protected":false},"excerpt":{"rendered":"<p>PRODEMU, fundaci\u00f3n para desarrollo y promoci\u00f3n de la mujer, lanz\u00f3 el pasado 7 de abril v\u00eda zoom su libro \u201cAut\u00f3nomas\u201d, el cual cuenta a trav\u00e9s de testimonios, fotograf\u00edas, cifras, historias&#8230; <a class=\"read-more\" href=\"https:\/\/www.radiopresidenteibanez.cl\/web\/prodemu-lanza-libro-autonomas-y-estudio-participacion-de-las-mujeres-en-las-proximas-elecciones\/\">Leer m\u00e1s<\/a><\/p>\n","protected":false},"author":2,"featured_media":19919,"comment_status":"closed","ping_status":"closed","sticky":false,"template":"","format":"standard","meta":{"footnotes":""},"categories":[1],"tags":[],"class_list":["post-19918","post","type-post","status-publish","format-standard","has-post-thumbnail","hentry","category-cronica"],"_links":{"self":[{"href":"https:\/\/www.radiopresidenteibanez.cl\/web\/wp-json\/wp\/v2\/posts\/19918","targetHints":{"allow":["GET"]}}],"collection":[{"href":"https:\/\/www.radiopresidenteibanez.cl\/web\/wp-json\/wp\/v2\/posts"}],"about":[{"href":"https:\/\/www.radiopresidenteibanez.cl\/web\/wp-json\/wp\/v2\/types\/post"}],"author":[{"embeddable":true,"href":"https:\/\/www.radiopresidenteibanez.cl\/web\/wp-json\/wp\/v2\/users\/2"}],"replies":[{"embeddable":true,"href":"https:\/\/www.radiopresidenteibanez.cl\/web\/wp-json\/wp\/v2\/comments?post=19918"}],"version-history":[{"count":0,"href":"https:\/\/www.radiopresidenteibanez.cl\/web\/wp-json\/wp\/v2\/posts\/19918\/revisions"}],"wp:featuredmedia":[{"embeddable":true,"href":"https:\/\/www.radiopresidenteibanez.cl\/web\/wp-json\/wp\/v2\/media\/19919"}],"wp:attachment":[{"href":"https:\/\/www.radiopresidenteibanez.cl\/web\/wp-json\/wp\/v2\/media?parent=19918"}],"wp:term":[{"taxonomy":"category","embeddable":true,"href":"https:\/\/www.radiopresidenteibanez.cl\/web\/wp-json\/wp\/v2\/categories?post=19918"},{"taxonomy":"post_tag","embeddable":true,"href":"https:\/\/www.radiopresidenteibanez.cl\/web\/wp-json\/wp\/v2\/tags?post=19918"}],"curies":[{"name":"wp","href":"https:\/\/api.w.org\/{rel}","templated":true}]}}