{"id":19898,"date":"2021-04-10T03:00:00","date_gmt":"2021-04-10T03:00:00","guid":{"rendered":"https:\/\/www.radiopresidenteibanez.cl\/web\/?p=19898"},"modified":"2021-04-09T19:39:11","modified_gmt":"2021-04-09T19:39:11","slug":"vecinos-de-loteo-del-mar-concretaron-proyecto-de-invernadero-comunitario","status":"publish","type":"post","link":"https:\/\/www.radiopresidenteibanez.cl\/web\/vecinos-de-loteo-del-mar-concretaron-proyecto-de-invernadero-comunitario\/","title":{"rendered":"VECINOS DE LOTEO DEL MAR CONCRETARON PROYECTO DE INVERNADERO COMUNITARIO"},"content":{"rendered":"\n<p>Un nuevo proyecto comunitario fue desarrollado con\n\u00e9xito por la Junta de Vecinos Loteo del Mar, anhelado no s\u00f3lo para fomentar el\nautocultivo y la generaci\u00f3n de productos para mejorar la alimentaci\u00f3n del\ncomedor comunitario, sino tambi\u00e9n para fortalecer la salud mental de los\nvecinos y vecinas del territorio.<\/p>\n\n\n\n<p>\u201cLa importancia de este invernadero es que fue\npensado en un tema de salud mental post pandemia, sobre todo en el grupo de\nadultos mayores que tenemos en el sector. No solamente va a servir para\ncultivar alg\u00fan vegetal, sino que el objetivo principal es la socializaci\u00f3n de\nnuestros adultos mayores, el hecho que puedan recrearse y que est\u00e9n en un lugar\nseguro, que est\u00e1 dentro de la sede\u201d, explic\u00f3 la presidenta de la Junta de\nVecinos, Claudia C\u00e1rdenas.<\/p>\n\n\n\n<p>Como organizaci\u00f3n postularon al programa Acci\u00f3n en\nComunidad del Fondo de Solidaridad e Inversi\u00f3n Social, FOSIS, servicio\nrelacionado al Ministerio de Desarrollo Social y Familia, que tiene por\nobjetivo fortalecer las relaciones comunitarias de familias que comparten un\nterritorio, a trav\u00e9s de un fondo de financiamiento de 2 millones de pesos para\nconcretar una iniciativa, en este caso, la implementaci\u00f3n de un invernadero\ncomunitario que incluyen talleres de cultivo y h\u00e1bitos alimenticios para los\nvecinos.<\/p>\n\n\n\n<p>El director regional del FOSIS, Hern\u00e1n Soto,\ndestac\u00f3 la gesti\u00f3n de la directiva y de los vecinos en este programa que es de\ncar\u00e1cter autogestionado. \u201cEstamos felices de verlo concretado, donde los\nvecinos van a poder trabajar todo lo que tiene que ver con fomentar la\nalimentaci\u00f3n saludable. Tienen dos monitoras, que son vecinas del sector, que\nse van a preocupar del sembrado, y a su vez, le van a ense\u00f1ar a los ni\u00f1os para\ncrear conciencia de lo que es la vida saludable y de lo que es vivir sano\u201d.<\/p>\n\n\n\n<p>\u201cMuy contentos de poder trabajar mancomunadamente\npara poder potenciar la alimentaci\u00f3n saludable en la regi\u00f3n. Tenemos altas\ncifras de obesidad y sobrepeso, por tanto, cada granito aporta a poder\ndisminuir esta tremenda brecha que tenemos en la mala alimentaci\u00f3n en\nMagallanes. Hemos estamos avanzado en otras iniciativas, a trav\u00e9s del Elige\nVivir Sano y del Ministerio de Agricultura, con este tipo de proyectos, as\u00ed que\nfelices que a trav\u00e9s de los usuarios del FOSIS podamos seguir aportando a\nmejorar la calidad de la alimentaci\u00f3n de los magall\u00e1nicos\u201d, puntualiz\u00f3 la\nSeremi de Desarrollo Social y Familia, Liz Casanueva.<\/p>\n","protected":false},"excerpt":{"rendered":"<p>Un nuevo proyecto comunitario fue desarrollado con \u00e9xito por la Junta de Vecinos Loteo del Mar, anhelado no s\u00f3lo para fomentar el autocultivo y la generaci\u00f3n de productos para mejorar&#8230; <a class=\"read-more\" href=\"https:\/\/www.radiopresidenteibanez.cl\/web\/vecinos-de-loteo-del-mar-concretaron-proyecto-de-invernadero-comunitario\/\">Leer m\u00e1s<\/a><\/p>\n","protected":false},"author":2,"featured_media":19899,"comment_status":"closed","ping_status":"closed","sticky":false,"template":"","format":"standard","meta":{"footnotes":""},"categories":[1],"tags":[],"class_list":["post-19898","post","type-post","status-publish","format-standard","has-post-thumbnail","hentry","category-cronica"],"_links":{"self":[{"href":"https:\/\/www.radiopresidenteibanez.cl\/web\/wp-json\/wp\/v2\/posts\/19898","targetHints":{"allow":["GET"]}}],"collection":[{"href":"https:\/\/www.radiopresidenteibanez.cl\/web\/wp-json\/wp\/v2\/posts"}],"about":[{"href":"https:\/\/www.radiopresidenteibanez.cl\/web\/wp-json\/wp\/v2\/types\/post"}],"author":[{"embeddable":true,"href":"https:\/\/www.radiopresidenteibanez.cl\/web\/wp-json\/wp\/v2\/users\/2"}],"replies":[{"embeddable":true,"href":"https:\/\/www.radiopresidenteibanez.cl\/web\/wp-json\/wp\/v2\/comments?post=19898"}],"version-history":[{"count":0,"href":"https:\/\/www.radiopresidenteibanez.cl\/web\/wp-json\/wp\/v2\/posts\/19898\/revisions"}],"wp:featuredmedia":[{"embeddable":true,"href":"https:\/\/www.radiopresidenteibanez.cl\/web\/wp-json\/wp\/v2\/media\/19899"}],"wp:attachment":[{"href":"https:\/\/www.radiopresidenteibanez.cl\/web\/wp-json\/wp\/v2\/media?parent=19898"}],"wp:term":[{"taxonomy":"category","embeddable":true,"href":"https:\/\/www.radiopresidenteibanez.cl\/web\/wp-json\/wp\/v2\/categories?post=19898"},{"taxonomy":"post_tag","embeddable":true,"href":"https:\/\/www.radiopresidenteibanez.cl\/web\/wp-json\/wp\/v2\/tags?post=19898"}],"curies":[{"name":"wp","href":"https:\/\/api.w.org\/{rel}","templated":true}]}}