{"id":19895,"date":"2021-04-10T02:45:00","date_gmt":"2021-04-10T02:45:00","guid":{"rendered":"https:\/\/www.radiopresidenteibanez.cl\/web\/?p=19895"},"modified":"2021-04-09T19:20:15","modified_gmt":"2021-04-09T19:20:15","slug":"en-prision-preventiva-quedo-sujeto-reformalizado-por-homicidio","status":"publish","type":"post","link":"https:\/\/www.radiopresidenteibanez.cl\/web\/en-prision-preventiva-quedo-sujeto-reformalizado-por-homicidio\/","title":{"rendered":"EN PRISI\u00d3N PREVENTIVA QUED\u00d3 SUJETO REFORMALIZADO POR HOMICIDIO"},"content":{"rendered":"\n<figure class=\"wp-block-table\"><table class=\"\"><tbody><tr><td>\n  Por ser un peligro para la\n  seguridad de la sociedad, hoy la Fiscal\u00eda, representada por el Fiscal\n  Regional Eugenio Campos y la Fiscal (s) Lorena Carrasco,&nbsp; solicit\u00f3 la prisi\u00f3n preventiva del imputado\n  Diego Ignacio Palacios Am\u00e9stica, quien fue reformalizado, en horas de la\n  ma\u00f1ana, por el delito consumado de homicidio, medida cautelar que fue\n  otorgada por el Juez Jorge Lav\u00edn,&nbsp;\n  manteni\u00e9ndose el plazo de 3 meses de investigaci\u00f3n del hecho.\n  &nbsp;\n  <\/td><\/tr><\/tbody><\/table><\/figure>\n\n\n\n<p>\n\n\n\nCabe indicar que el delito\nse perpetr\u00f3 el 3 de abril, alrededor de las 07:35 horas,&nbsp; en circunstancias que la v\u00edctima Samuel\nZapata Batista se encontraba compartiendo con el imputado al interior de una de\nlas habitaciones de un Hostal en la comuna de Puerto Natales, comenzando luego\nuna discusi\u00f3n entre ellos que culmin\u00f3 con la violenta agresi\u00f3n, con un elemento\ncontundente, particularmente en la cabeza de la v\u00edctima, traumatismo que fue\nevolucionando y agrav\u00e1ndose debiendo ser trasladado hasta el Hospital Cl\u00ednico\nde Punta Arenas, lugar donde perdi\u00f3 la vida.\n\n\n\n<\/p>\n","protected":false},"excerpt":{"rendered":"<p>Por ser un peligro para la seguridad de la sociedad, hoy la Fiscal\u00eda, representada por el Fiscal Regional Eugenio Campos y la Fiscal (s) Lorena Carrasco,&nbsp; solicit\u00f3 la prisi\u00f3n preventiva&#8230; <a class=\"read-more\" href=\"https:\/\/www.radiopresidenteibanez.cl\/web\/en-prision-preventiva-quedo-sujeto-reformalizado-por-homicidio\/\">Leer m\u00e1s<\/a><\/p>\n","protected":false},"author":2,"featured_media":19896,"comment_status":"closed","ping_status":"closed","sticky":false,"template":"","format":"standard","meta":{"footnotes":""},"categories":[1],"tags":[],"class_list":["post-19895","post","type-post","status-publish","format-standard","has-post-thumbnail","hentry","category-cronica"],"_links":{"self":[{"href":"https:\/\/www.radiopresidenteibanez.cl\/web\/wp-json\/wp\/v2\/posts\/19895","targetHints":{"allow":["GET"]}}],"collection":[{"href":"https:\/\/www.radiopresidenteibanez.cl\/web\/wp-json\/wp\/v2\/posts"}],"about":[{"href":"https:\/\/www.radiopresidenteibanez.cl\/web\/wp-json\/wp\/v2\/types\/post"}],"author":[{"embeddable":true,"href":"https:\/\/www.radiopresidenteibanez.cl\/web\/wp-json\/wp\/v2\/users\/2"}],"replies":[{"embeddable":true,"href":"https:\/\/www.radiopresidenteibanez.cl\/web\/wp-json\/wp\/v2\/comments?post=19895"}],"version-history":[{"count":0,"href":"https:\/\/www.radiopresidenteibanez.cl\/web\/wp-json\/wp\/v2\/posts\/19895\/revisions"}],"wp:featuredmedia":[{"embeddable":true,"href":"https:\/\/www.radiopresidenteibanez.cl\/web\/wp-json\/wp\/v2\/media\/19896"}],"wp:attachment":[{"href":"https:\/\/www.radiopresidenteibanez.cl\/web\/wp-json\/wp\/v2\/media?parent=19895"}],"wp:term":[{"taxonomy":"category","embeddable":true,"href":"https:\/\/www.radiopresidenteibanez.cl\/web\/wp-json\/wp\/v2\/categories?post=19895"},{"taxonomy":"post_tag","embeddable":true,"href":"https:\/\/www.radiopresidenteibanez.cl\/web\/wp-json\/wp\/v2\/tags?post=19895"}],"curies":[{"name":"wp","href":"https:\/\/api.w.org\/{rel}","templated":true}]}}