{"id":19892,"date":"2021-04-10T02:30:00","date_gmt":"2021-04-10T02:30:00","guid":{"rendered":"https:\/\/www.radiopresidenteibanez.cl\/web\/?p=19892"},"modified":"2021-04-09T19:13:16","modified_gmt":"2021-04-09T19:13:16","slug":"realizan-taller-para-cuidados-invernales-de-cultivos-de-frutillas-a-agricultores-de-gtt-de-puerto-natales","status":"publish","type":"post","link":"https:\/\/www.radiopresidenteibanez.cl\/web\/realizan-taller-para-cuidados-invernales-de-cultivos-de-frutillas-a-agricultores-de-gtt-de-puerto-natales\/","title":{"rendered":"REALIZAN TALLER PARA CUIDADOS INVERNALES DE CULTIVOS DE FRUTILLAS A AGRICULTORES DE GTT DE PUERTO NATALES"},"content":{"rendered":"\n<p>A m\u00e1s de un a\u00f1o desde la \u00faltima actividad presencial\nque el equipo de investigadores de INIA Kampenaike hab\u00edan podido realizar, dada\nla pandemia del Covid-19, los integrantes del \u00e1rea hortofrut\u00edcola se\ntrasladaron a la comuna de Natales, a la Unidad Demostrativa de la instituci\u00f3n,\nubicada en el sector Huertos Familiares, para realizar el taller: \u201cManejo\noto\u00f1al del cultivo de frutillas\u201d.<\/p>\n\n\n\n<p>Con mascarilla y distanciamiento social, entre otras\nprecauciones para prevenir el contagio de coronavirus, recibieron a 16 agricultores,\ntodos ellos integrantes del Grupo de Transferencia Tecnol\u00f3gica de Productores\nde Frutillas (GTT), a quienes les ense\u00f1aron cu\u00e1les son los principales cuidados\nque deben tener durante la temporada de oto\u00f1o\/invierno, para mantener la\nsanidad del cultivo y sostener su productividad en el tiempo.<\/p>\n\n\n\n<p>\u201cEs muy importante para los agricultores saber que\nel cultivo de frutillas no termina cuando finaliza la cosecha, sino que m\u00e1s\nbien es el momento en que se prepara el cultivo para la temporada siguiente.\nTenemos que preocuparnos de que haya un buen desarrollo de ra\u00edces, por ejemplo.\nPara lograr eso, les mostramos manejos adecuados, como disminuci\u00f3n oportuna del\nriego para inducir la dormancia, eliminar focos de enfermedades, cuidados para\nprevenir el congelamiento de la corona de la planta entre otros, todos ellos\ncon el fin de que puedan llegar a una siguiente temporada con un cultivo sano y\nproductivo\u201d, destac\u00f3 la investigadora de INIA Kampenaike y l\u00edder del \u00e1rea\nhortofrut\u00edcola en Magallanes, Claudia Mc Leod.<\/p>\n\n\n\n<p>El equipo hortofrut\u00edcola desarroll\u00f3 varias\nactividades donde mostraron las diferencias existentes en el nivel de\nmojamiento de los distintos equipos utilizados para la aplicaci\u00f3n de productos\nfitosanitarios, as\u00ed como se analizaron las diferentes alternativas existentes\npara ser aplicadas en el contexto de un manejo integrado, con \u00e9nfasis en\nproducci\u00f3n agroecol\u00f3gica. <\/p>\n\n\n\n<p>Los asistentes se vieron muy interesados,\nparticipando activamente durante todo el taller. Lidia Catepill\u00e1n, agricultora\nlocal, sostuvo que estaba muy contenta de poder juntarse pero sobre todo, tener\nrespuestas para solucionar problemas de plagas que aparecen en sus huertos.\n\u201cHay tantos problemas fitosanitarios en la agricultura que uno de repente no\nsabe qu\u00e9 hacer para solucionar las plagas. La actividad de hoy fue s\u00faper\ninteresante porque hay productos que uno no conoce y pudimos aprender que hay\nproductos org\u00e1nicos que no contaminan y que solucionan igual las plagas\u201d.<\/p>\n\n\n\n<p>Orietta Fuenzalida, agricultora y asesora Prodesal,\nindic\u00f3 que \u201ces s\u00faper importante que INIA siga realizando estas actividades que\nsean claras, pr\u00e1cticas y amenas, porque hay que destacar que est\u00e1n hechas con\nun lenguaje entendible y claro\u201d.<\/p>\n\n\n\n<p>La metodolog\u00eda de GTT, es una estrategia que usa\nINIA hace muchos a\u00f1os para reunir y asesorar a grupos de agricultores que\ntienen un rubro en com\u00fan, o bien, sistemas de producci\u00f3n similares. El trabajo\ncon ellos consiste en visitar sus predios, generar instancias de discusi\u00f3n\nt\u00e9cnica, recomendar herramientas o manejos, que ellos compartan sus\nexperiencias de \u00e9xito o problem\u00e1ticas que tengan como agricultores, con el objetivo\nfortalecer lazos, mejorar los niveles productivos y aumentar la productividad\nde los cultivos. <\/p>\n\n\n\n<p><strong>Acerca\nde INIA<\/strong><\/p>\n\n\n\n<p>El\nInstituto de Investigaciones Agropecuarias (INIA) es la principal instituci\u00f3n\nde investigaci\u00f3n, desarrollo e innovaci\u00f3n agroalimentaria de Chile. Vinculada\nal Ministerio de Agricultura, cuenta con presencia nacional y un equipo de\ntrabajo de m\u00e1s de 1.000 personas altamente calificadas. Ejecuta al a\u00f1o un\npromedio de 400 proyectos en torno a 5 \u00e1reas estrat\u00e9gicas: Cambio Clim\u00e1tico,\nSustentabilidad, Alimentos del Futuro, Tecnolog\u00edas Emergentes, y Extensi\u00f3n y\nFormaci\u00f3n de Capacidades. Estas iniciativas contribuyen al desarrollo\nagroalimentario sostenible del pa\u00eds, creando valor y proponiendo soluciones\ninnovadoras a los agricultores, socios estrat\u00e9gicos y la sociedad, generando\nuna rentabilidad social que var\u00eda entre 15% y 25%, por cada peso invertido en\ncada uno de sus proyectos.<\/p>\n","protected":false},"excerpt":{"rendered":"<p>A m\u00e1s de un a\u00f1o desde la \u00faltima actividad presencial que el equipo de investigadores de INIA Kampenaike hab\u00edan podido realizar, dada la pandemia del Covid-19, los integrantes del \u00e1rea&#8230; <a class=\"read-more\" href=\"https:\/\/www.radiopresidenteibanez.cl\/web\/realizan-taller-para-cuidados-invernales-de-cultivos-de-frutillas-a-agricultores-de-gtt-de-puerto-natales\/\">Leer m\u00e1s<\/a><\/p>\n","protected":false},"author":2,"featured_media":19893,"comment_status":"closed","ping_status":"closed","sticky":false,"template":"","format":"standard","meta":{"footnotes":""},"categories":[1],"tags":[],"class_list":["post-19892","post","type-post","status-publish","format-standard","has-post-thumbnail","hentry","category-cronica"],"_links":{"self":[{"href":"https:\/\/www.radiopresidenteibanez.cl\/web\/wp-json\/wp\/v2\/posts\/19892","targetHints":{"allow":["GET"]}}],"collection":[{"href":"https:\/\/www.radiopresidenteibanez.cl\/web\/wp-json\/wp\/v2\/posts"}],"about":[{"href":"https:\/\/www.radiopresidenteibanez.cl\/web\/wp-json\/wp\/v2\/types\/post"}],"author":[{"embeddable":true,"href":"https:\/\/www.radiopresidenteibanez.cl\/web\/wp-json\/wp\/v2\/users\/2"}],"replies":[{"embeddable":true,"href":"https:\/\/www.radiopresidenteibanez.cl\/web\/wp-json\/wp\/v2\/comments?post=19892"}],"version-history":[{"count":0,"href":"https:\/\/www.radiopresidenteibanez.cl\/web\/wp-json\/wp\/v2\/posts\/19892\/revisions"}],"wp:featuredmedia":[{"embeddable":true,"href":"https:\/\/www.radiopresidenteibanez.cl\/web\/wp-json\/wp\/v2\/media\/19893"}],"wp:attachment":[{"href":"https:\/\/www.radiopresidenteibanez.cl\/web\/wp-json\/wp\/v2\/media?parent=19892"}],"wp:term":[{"taxonomy":"category","embeddable":true,"href":"https:\/\/www.radiopresidenteibanez.cl\/web\/wp-json\/wp\/v2\/categories?post=19892"},{"taxonomy":"post_tag","embeddable":true,"href":"https:\/\/www.radiopresidenteibanez.cl\/web\/wp-json\/wp\/v2\/tags?post=19892"}],"curies":[{"name":"wp","href":"https:\/\/api.w.org\/{rel}","templated":true}]}}