{"id":19889,"date":"2021-04-10T02:15:00","date_gmt":"2021-04-10T02:15:00","guid":{"rendered":"https:\/\/www.radiopresidenteibanez.cl\/web\/?p=19889"},"modified":"2021-04-09T19:09:09","modified_gmt":"2021-04-09T19:09:09","slug":"apoderados-del-jardin-infantil-caperucita-roja-resaltan-la-belleza-de-las-obras-de-conservacion-del-recinto","status":"publish","type":"post","link":"https:\/\/www.radiopresidenteibanez.cl\/web\/apoderados-del-jardin-infantil-caperucita-roja-resaltan-la-belleza-de-las-obras-de-conservacion-del-recinto\/","title":{"rendered":"APODERADOS DEL JARD\u00cdN INFANTIL \u201cCAPERUCITA ROJA\u201d RESALTAN LA BELLEZA DE LAS OBRAS DE CONSERVACI\u00d3N DEL RECINTO"},"content":{"rendered":"\n<p>El establecimiento \u201cCaperucita Roja\u201d de Punta Arenas,\nadministrado por la Junta Nacional de Jardines Infantiles (JUNJI), fue sometido\na un proyecto de conservaci\u00f3n ejecutado en 2020, que signific\u00f3 una inversi\u00f3n de\n$121.699.887 para levantar una bodega de material did\u00e1ctico en el segundo\nnivel, un enroque entre el \u00e1rea administrativa y el comedor, el reemplazo de un\ntobog\u00e1n externo y la instalaci\u00f3n de pavimentos de caucho continuo en los\npatios, entre otras intervenciones. La idea fue hacer mejoras para que el\ntradicional recinto cumpla con las exigencias y pueda recibir el Reconocimiento\nOficial (RO) del Ministerio de Educaci\u00f3n (MINEDUC). <\/p>\n\n\n\n<p>El recinto est\u00e1 plenamente\noperativo este 2021 y la iniciativa de conservaci\u00f3n fue objeto de una reuni\u00f3n\ninformativa \u201cSomos Vecinos\u201d, organizada por Participaci\u00f3n Ciudadana de la JUNJI,\ncomo una manera de informar y recoger el parecer de la comunidad. <\/p>\n\n\n\n<p>De esta forma, se hizo una cita que congreg\u00f3 a unas\ncincuenta personas, madres, padres y apoderados, v\u00eda Microsoft Teams y que fue\nencabezada por la Directora Regional (S) de la JUNJI de Magallanes y de la\nAnt\u00e1rtica Chilena, Marisol Villegas N\u00fa\u00f1ez; la encargada nacional de\nParticipaci\u00f3n Ciudadana institucional, Marcela Cornejo Ram\u00edrez y la directora\ndel propio establecimiento, Johanna Navarrete Vergara, adem\u00e1s de funcionarias y\nfuncionarios institucionales. El arquitecto de Construcci\u00f3n y Mantenci\u00f3n de\nEspacios Educativos, Marco Uribe Saldivia, hizo una presentaci\u00f3n sobre las\nobras a los asistentes. &nbsp;<\/p>\n\n\n\n<p>La apoderada de Medio Menor, Ver\u00f3nica Romero, felicit\u00f3\nal equipo del jard\u00edn. \u201cMe llam\u00f3 la atenci\u00f3n la belleza y lo grande que es el\nedificio. Estoy feliz que mi hija sea parte de la comunidad educativa\u201d, declar\u00f3.<\/p>\n\n\n\n<p>Katherine Mora es madre de Ignacia Vidal, p\u00e1rvula de\nMedio Menor y dijo que est\u00e1 muy contenta porque el jard\u00edn qued\u00f3 hermoso y porque\nhan sido tomadas todas las medidas para cuidar a las personas del coronavirus. \u201cLamento\nno conocer las obras personalmente, pero creo que aportaron color y alegr\u00eda. Mi\nhija asiste contenta. Felicito a la JUNJI por este trabajo\u201d, afirm\u00f3.&nbsp;&nbsp; <\/p>\n\n\n\n<p>La apoderada Montserrat\nV\u00e1squez agradeci\u00f3 la consideraci\u00f3n en las obras del arte que hicieron las\nmadres, padres y apoderados, ya que hubo un concurso para el dise\u00f1o de los\npavimentos de caucho instalados en los patios. La propia Montserrat aport\u00f3 con\nun dibujo. <\/p>\n\n\n\n<p>La Directora Regional (S),\nMarisol Villegas, dijo que es un placer hacer actividades de Participaci\u00f3n\nCiudadana, fundamentales en todos los procesos pedag\u00f3gicos. \u201cSiempre hay\nposibilidades de mejora y todas y todos somos parte de la comunidad educativa\nde \u2018Caperucita Roja\u2019. Tomamos nota de todo lo que se dijo, para cumplir los\neventuales compromisos que establezcamos. Agradezco enormemente la asistencia\nvirtual, que demuestra el inter\u00e9s de las familias por lo que ocurre con los\nrecintos de la JUNJI\u201d, concluy\u00f3.<\/p>\n","protected":false},"excerpt":{"rendered":"<p>El establecimiento \u201cCaperucita Roja\u201d de Punta Arenas, administrado por la Junta Nacional de Jardines Infantiles (JUNJI), fue sometido a un proyecto de conservaci\u00f3n ejecutado en 2020, que signific\u00f3 una inversi\u00f3n&#8230; <a class=\"read-more\" href=\"https:\/\/www.radiopresidenteibanez.cl\/web\/apoderados-del-jardin-infantil-caperucita-roja-resaltan-la-belleza-de-las-obras-de-conservacion-del-recinto\/\">Leer m\u00e1s<\/a><\/p>\n","protected":false},"author":2,"featured_media":19890,"comment_status":"closed","ping_status":"closed","sticky":false,"template":"","format":"standard","meta":{"footnotes":""},"categories":[1],"tags":[],"class_list":["post-19889","post","type-post","status-publish","format-standard","has-post-thumbnail","hentry","category-cronica"],"_links":{"self":[{"href":"https:\/\/www.radiopresidenteibanez.cl\/web\/wp-json\/wp\/v2\/posts\/19889","targetHints":{"allow":["GET"]}}],"collection":[{"href":"https:\/\/www.radiopresidenteibanez.cl\/web\/wp-json\/wp\/v2\/posts"}],"about":[{"href":"https:\/\/www.radiopresidenteibanez.cl\/web\/wp-json\/wp\/v2\/types\/post"}],"author":[{"embeddable":true,"href":"https:\/\/www.radiopresidenteibanez.cl\/web\/wp-json\/wp\/v2\/users\/2"}],"replies":[{"embeddable":true,"href":"https:\/\/www.radiopresidenteibanez.cl\/web\/wp-json\/wp\/v2\/comments?post=19889"}],"version-history":[{"count":0,"href":"https:\/\/www.radiopresidenteibanez.cl\/web\/wp-json\/wp\/v2\/posts\/19889\/revisions"}],"wp:featuredmedia":[{"embeddable":true,"href":"https:\/\/www.radiopresidenteibanez.cl\/web\/wp-json\/wp\/v2\/media\/19890"}],"wp:attachment":[{"href":"https:\/\/www.radiopresidenteibanez.cl\/web\/wp-json\/wp\/v2\/media?parent=19889"}],"wp:term":[{"taxonomy":"category","embeddable":true,"href":"https:\/\/www.radiopresidenteibanez.cl\/web\/wp-json\/wp\/v2\/categories?post=19889"},{"taxonomy":"post_tag","embeddable":true,"href":"https:\/\/www.radiopresidenteibanez.cl\/web\/wp-json\/wp\/v2\/tags?post=19889"}],"curies":[{"name":"wp","href":"https:\/\/api.w.org\/{rel}","templated":true}]}}