{"id":19886,"date":"2021-04-10T02:00:00","date_gmt":"2021-04-10T02:00:00","guid":{"rendered":"https:\/\/www.radiopresidenteibanez.cl\/web\/?p=19886"},"modified":"2021-04-09T19:04:39","modified_gmt":"2021-04-09T19:04:39","slug":"diputada-amar-recibe-a-sindicato-pesquero-para-escuchar-sus-demandas","status":"publish","type":"post","link":"https:\/\/www.radiopresidenteibanez.cl\/web\/diputada-amar-recibe-a-sindicato-pesquero-para-escuchar-sus-demandas\/","title":{"rendered":"DIPUTADA AMAR RECIBE A SINDICATO PESQUERO PARA ESCUCHAR SUS DEMANDAS"},"content":{"rendered":"\n<p>Durante esta semana, la Diputada\nSandra Amar recibi\u00f3 la visita protocolar del Sindicato Regiones Unidas del\nInstituto de Fomento Pesquero, oportunidad en que explicaron que se encontraban\nen una negociaci\u00f3n colectiva para mejorar sus condiciones labores y detallaron\ncu\u00e1les eran sus demandas y peticiones. <\/p>\n\n\n\n<p>Al respecto, la Diputada Sandra\nAmar, coment\u00f3 \u201cSostuve un encuentro con uno de los sindicatos de IFOP, quienes\nvinieron a darme un saludo protocolar y tambi\u00e9n a dar a conocer cu\u00e1l es el\ntrabajo que realizan en nuestra regi\u00f3n de Magallanes y tambi\u00e9n a nivel pa\u00eds. En\neste encuentro estuvieron representantes de las regiones de Ays\u00e9n y tambi\u00e9n de\nValpara\u00edso. Ellos se encuentran en un proceso de negociaci\u00f3n colectiva, d\u00f3nde est\u00e1n\nplanteando algunas de las demandas que justamente van entorno a mejorar las\ncondiciones laborales y econ\u00f3micas fundamentalmente de sus asociados. As\u00ed que\nesperamos que puedan lograr aquellos desaf\u00edos y aquellas peticiones que se\nest\u00e1n planteando a nivel de IFOP nacional\u201d.<\/p>\n\n\n\n<p>Por su parte, la presidenta del\nSindicato Regiones Unidas del Instituto de Fomento Pesquero, Alejandra\nValdebenito, primeramente explic\u00f3 el trabajo de la asociaci\u00f3n en la Regi\u00f3n y el\npa\u00eds. \u201cBueno nosotros representamos al sindicato Serifop, Sindicato Regiones\nUnidas del Instituto de Fomento Pesquero, un sindicato que tiene como base\nluchar por las demandas de la gente de zonas extremas principalmente y otros\ntemas m\u00e1s que vinculan a la instituci\u00f3n con la pesca y la acuicultura de nuestra\nzona y de nuestro pa\u00eds\u201d sostuvo. <\/p>\n\n\n\n<p>Adem\u00e1s, agreg\u00f3 que \u201cnuestra\nreuni\u00f3n fue muy provechosa con la Diputada, a quien agradecemos nos haya\nrecibido el d\u00eda de hoy, ya que pudimos plantearle diversos temas de inter\u00e9s\npara los trabajadores de zonas extremas del instituto y hoy d\u00eda c\u00f3mo estamos en\nproceso de negociaci\u00f3n colectiva, estamos viendo la posibilidad de que se nos\npueda asignar un bono de zonas extremas o una asignaci\u00f3n de zonas extremas,\ndado la realidad regional de todas ellas, Ays\u00e9n y Magallanes. Por otro lado\ntambi\u00e9n, conversamos de temas dedicados o vinculados a la pesca o la\nacuicultura de la Regi\u00f3n. Esperamos seguir haciendo nexo con ella para poder ir\ntrabajando poco a poco en mejorar nuestro sector productivo\u00bb.<\/p>\n\n\n\n<p>La parlamentaria agradeci\u00f3 la visita\ndel sindicato y manifest\u00f3 su total disposici\u00f3n a ayudarlos y seguir trabajando\nen conjunto tanto como con este sindicato, como con el sector pesquero en\ngeneral. &nbsp;&nbsp;<\/p>\n","protected":false},"excerpt":{"rendered":"<p>Durante esta semana, la Diputada Sandra Amar recibi\u00f3 la visita protocolar del Sindicato Regiones Unidas del Instituto de Fomento Pesquero, oportunidad en que explicaron que se encontraban en una negociaci\u00f3n&#8230; <a class=\"read-more\" href=\"https:\/\/www.radiopresidenteibanez.cl\/web\/diputada-amar-recibe-a-sindicato-pesquero-para-escuchar-sus-demandas\/\">Leer m\u00e1s<\/a><\/p>\n","protected":false},"author":2,"featured_media":19887,"comment_status":"closed","ping_status":"closed","sticky":false,"template":"","format":"standard","meta":{"footnotes":""},"categories":[1],"tags":[],"class_list":["post-19886","post","type-post","status-publish","format-standard","has-post-thumbnail","hentry","category-cronica"],"_links":{"self":[{"href":"https:\/\/www.radiopresidenteibanez.cl\/web\/wp-json\/wp\/v2\/posts\/19886","targetHints":{"allow":["GET"]}}],"collection":[{"href":"https:\/\/www.radiopresidenteibanez.cl\/web\/wp-json\/wp\/v2\/posts"}],"about":[{"href":"https:\/\/www.radiopresidenteibanez.cl\/web\/wp-json\/wp\/v2\/types\/post"}],"author":[{"embeddable":true,"href":"https:\/\/www.radiopresidenteibanez.cl\/web\/wp-json\/wp\/v2\/users\/2"}],"replies":[{"embeddable":true,"href":"https:\/\/www.radiopresidenteibanez.cl\/web\/wp-json\/wp\/v2\/comments?post=19886"}],"version-history":[{"count":0,"href":"https:\/\/www.radiopresidenteibanez.cl\/web\/wp-json\/wp\/v2\/posts\/19886\/revisions"}],"wp:featuredmedia":[{"embeddable":true,"href":"https:\/\/www.radiopresidenteibanez.cl\/web\/wp-json\/wp\/v2\/media\/19887"}],"wp:attachment":[{"href":"https:\/\/www.radiopresidenteibanez.cl\/web\/wp-json\/wp\/v2\/media?parent=19886"}],"wp:term":[{"taxonomy":"category","embeddable":true,"href":"https:\/\/www.radiopresidenteibanez.cl\/web\/wp-json\/wp\/v2\/categories?post=19886"},{"taxonomy":"post_tag","embeddable":true,"href":"https:\/\/www.radiopresidenteibanez.cl\/web\/wp-json\/wp\/v2\/tags?post=19886"}],"curies":[{"name":"wp","href":"https:\/\/api.w.org\/{rel}","templated":true}]}}