{"id":19882,"date":"2021-04-09T16:18:06","date_gmt":"2021-04-09T16:18:06","guid":{"rendered":"https:\/\/www.radiopresidenteibanez.cl\/web\/?p=19882"},"modified":"2021-04-09T16:18:12","modified_gmt":"2021-04-09T16:18:12","slug":"esta-semana-comenzo-el-proceso-de-vacunacion-contra-la-influenza-en-puerto-natales","status":"publish","type":"post","link":"https:\/\/www.radiopresidenteibanez.cl\/web\/esta-semana-comenzo-el-proceso-de-vacunacion-contra-la-influenza-en-puerto-natales\/","title":{"rendered":"ESTA SEMANA COMENZ\u00d3 EL PROCESO DE VACUNACI\u00d3N CONTRA LA INFLUENZA EN PUERTO NATALES"},"content":{"rendered":"\n<p>En el marco de\nla campa\u00f1a nacional de vacunaci\u00f3n contra la influenza, el alcalde de Natales,\nFernando Paredes, junto al jefe de Salud de la Cormunat, Sebasti\u00e1n Ibarrola y\nel director del Centro de Salud Familiar, Guillermo L\u00f3pez, visitaron el\ngimnasio de la escuela Libertador Bernardo O\u00b4Higgins para verificar el proceso\nde vacunaci\u00f3n contra la influenza en la comuna.<\/p>\n\n\n\n<p>La campa\u00f1a est\u00e1\nsiendo ejecutada por los funcionarios del Cesfam \u201cDr. Juan Lozic P\u00e9rez\u201d desde el\nlunes 5 de abril hasta finales de mayo, la cual es aplicada en el recinto\nescolar y a domicilio para las personas con problemas de movilidad.<\/p>\n\n\n\n<p>La m\u00e1xima\nautoridad comunal, Fernando Paredes Mansilla, record\u00f3 la importancia de\nparticipar en la vacunaci\u00f3n de influenza y destac\u00f3 su correcto funcionamiento,\n\u201ccomo balance el proceso se est\u00e1 efectuando sin ning\u00fan inconveniente de manera\nmuy positiva y con mucha afluencia de gente como se puede apreciar\u201d.<\/p>\n\n\n\n<p>Junto con lo\nanterior, el edil recalc\u00f3 la capacidad del Cesfam de Natales para realizar dos\ncampa\u00f1as de inoculaci\u00f3n, \u201caqu\u00ed se est\u00e1n juntando dos procesos de vacunaci\u00f3n,\nuna es el COVID-19 que finalmente ustedes saben que est\u00e1 en pleno desarrollo,\npero tambi\u00e9n hoy d\u00eda estamos constatando que parti\u00f3 la vacuna anti influenza,\nlo que nos provoca que haya mayor movimiento\u201d.<\/p>\n\n\n\n<p>En tanto, el\ndirector del Centro de Salud Familiar, Guillermo L\u00f3pez, se\u00f1al\u00f3 que el stock\nest\u00e1 asegurado para todas las personas de los grupos objetivo, \u201cesta semana nos\nllegaron 1.500 dosis de la vacuna contra la influenza, proceso que se inici\u00f3 el\npasado lunes con los mayores de 90 a\u00f1os. Tenemos un equipo que anda vacunando a\nnuestros adultos mayores en los domicilios como lo hicimos con la vacuna contra\nel covid, y obviamente est\u00e1 un poco m\u00e1s lento porque son dos campa\u00f1as de\nvacunaci\u00f3n\u201d.<\/p>\n\n\n\n<p>Para\nfinalizar, el jefe de salud de la Corporaci\u00f3n Municipal, Sebasti\u00e1n Ibarrola, agradeci\u00f3\nla labor realizada por todos los funcionarios de la salud primaria de la\ncomuna, \u201cuna felicitaci\u00f3n a todo nuestro equipo que se encuentra trabajando en\nel Centro de Salud Familiar, aqu\u00ed en el punto de vacunaci\u00f3n y a todos los que\nrealizan actividades en terreno\u201d.\n\n&nbsp;&nbsp;&nbsp;&nbsp;&nbsp;&nbsp;&nbsp;&nbsp;&nbsp;&nbsp;&nbsp;&nbsp;&nbsp;&nbsp;&nbsp; El\noperativo es ejecutado de lunes a jueves de 09:00 a 12:00 hrs y en la tarde de\n14:00 a 16:00 hrs, manteniendo el mismo horario matinal para los viernes y culminando\nla jornada de la tarde a las 15:00 hrs.\n\n\n\n<\/p>\n","protected":false},"excerpt":{"rendered":"<p>En el marco de la campa\u00f1a nacional de vacunaci\u00f3n contra la influenza, el alcalde de Natales, Fernando Paredes, junto al jefe de Salud de la Cormunat, Sebasti\u00e1n Ibarrola y el&#8230; <a class=\"read-more\" href=\"https:\/\/www.radiopresidenteibanez.cl\/web\/esta-semana-comenzo-el-proceso-de-vacunacion-contra-la-influenza-en-puerto-natales\/\">Leer m\u00e1s<\/a><\/p>\n","protected":false},"author":2,"featured_media":19883,"comment_status":"closed","ping_status":"closed","sticky":false,"template":"","format":"standard","meta":{"footnotes":""},"categories":[1],"tags":[],"class_list":["post-19882","post","type-post","status-publish","format-standard","has-post-thumbnail","hentry","category-cronica"],"_links":{"self":[{"href":"https:\/\/www.radiopresidenteibanez.cl\/web\/wp-json\/wp\/v2\/posts\/19882","targetHints":{"allow":["GET"]}}],"collection":[{"href":"https:\/\/www.radiopresidenteibanez.cl\/web\/wp-json\/wp\/v2\/posts"}],"about":[{"href":"https:\/\/www.radiopresidenteibanez.cl\/web\/wp-json\/wp\/v2\/types\/post"}],"author":[{"embeddable":true,"href":"https:\/\/www.radiopresidenteibanez.cl\/web\/wp-json\/wp\/v2\/users\/2"}],"replies":[{"embeddable":true,"href":"https:\/\/www.radiopresidenteibanez.cl\/web\/wp-json\/wp\/v2\/comments?post=19882"}],"version-history":[{"count":0,"href":"https:\/\/www.radiopresidenteibanez.cl\/web\/wp-json\/wp\/v2\/posts\/19882\/revisions"}],"wp:featuredmedia":[{"embeddable":true,"href":"https:\/\/www.radiopresidenteibanez.cl\/web\/wp-json\/wp\/v2\/media\/19883"}],"wp:attachment":[{"href":"https:\/\/www.radiopresidenteibanez.cl\/web\/wp-json\/wp\/v2\/media?parent=19882"}],"wp:term":[{"taxonomy":"category","embeddable":true,"href":"https:\/\/www.radiopresidenteibanez.cl\/web\/wp-json\/wp\/v2\/categories?post=19882"},{"taxonomy":"post_tag","embeddable":true,"href":"https:\/\/www.radiopresidenteibanez.cl\/web\/wp-json\/wp\/v2\/tags?post=19882"}],"curies":[{"name":"wp","href":"https:\/\/api.w.org\/{rel}","templated":true}]}}