{"id":19879,"date":"2021-04-09T16:15:28","date_gmt":"2021-04-09T16:15:28","guid":{"rendered":"https:\/\/www.radiopresidenteibanez.cl\/web\/?p=19879"},"modified":"2021-04-09T16:15:33","modified_gmt":"2021-04-09T16:15:33","slug":"reunion-red-pace-macro-zona-sur","status":"publish","type":"post","link":"https:\/\/www.radiopresidenteibanez.cl\/web\/reunion-red-pace-macro-zona-sur\/","title":{"rendered":"REUNI\u00d3N RED PACE MACRO ZONA SUR"},"content":{"rendered":"\n<p>El 31 de marzo de 2021 se\nllev\u00f3 a cabo la segunda reuni\u00f3n de este a\u00f1o con la Red PACE de la Macro Zona\nSur. Siendo organizada, en esta oportunidad, por el equipo del Programa de\nAcompa\u00f1amiento y Acceso Efectivo a la Educaci\u00f3n Superior (PACE) de la\nUniversidad de Magallanes, representado por su Coordinadora Ejecutiva, Dra.\nCarmen Paz Oval Soto. <\/p>\n\n\n\n<p>La instancia se centr\u00f3 en\nconocer c\u00f3mo se desarroll\u00f3 el Proceso de Admisi\u00f3n 2021 en cada Universidad,\nconocer los detalles, alumnos que ingresaron v\u00eda PACE, potenciar el\nacompa\u00f1amiento que reciben y generar avances en com\u00fan. <\/p>\n\n\n\n<p>Adem\u00e1s de concretar una\npr\u00f3xima jornada de trabajo para el mi\u00e9rcoles 5 de mayo. <\/p>\n\n\n\n<p>Las instituciones de Educaci\u00f3n\nSuperior que participaron son: Universidad de la Frontera (UFRO), Universidad\nCat\u00f3lica de Temuco (UCT), Universidad de Concepci\u00f3n (UDEC), Universidad de\nAys\u00e9n (UAYSEN), Universidad de Los Lagos (ULAGOS), Universidad de B\u00edo B\u00edo\n(UBIOBIO), Universidad Austral de Chile (UACH), Universidad Cat\u00f3lica de la\nSant\u00edsima Concepci\u00f3n (UCSC) y Universidad de Magallanes (UMAG). <\/p>\n\n\n\n<p>Frente a esto, la Dra. Oval,\nsostuvo que \u201cel reconectarnos como Red PACE nos ha permitido conocer las\nrealidades de las diferentes Universidades, sobre todo de la Macro Zona Sur que\ncorresponde a la regi\u00f3n del B\u00edo B\u00edo al sur y estas reuniones han dado paso a un\ntrabajo m\u00e1s colaborativo y significativo para los equipos de trabajo, ya que\nhemos tenido oportunidad de compartir nuestras pr\u00e1cticas institucionales dentro\ndel marco del programa\u201d. <\/p>\n","protected":false},"excerpt":{"rendered":"<p>El 31 de marzo de 2021 se llev\u00f3 a cabo la segunda reuni\u00f3n de este a\u00f1o con la Red PACE de la Macro Zona Sur. Siendo organizada, en esta oportunidad,&#8230; <a class=\"read-more\" href=\"https:\/\/www.radiopresidenteibanez.cl\/web\/reunion-red-pace-macro-zona-sur\/\">Leer m\u00e1s<\/a><\/p>\n","protected":false},"author":2,"featured_media":19880,"comment_status":"closed","ping_status":"closed","sticky":false,"template":"","format":"standard","meta":{"footnotes":""},"categories":[1],"tags":[],"class_list":["post-19879","post","type-post","status-publish","format-standard","has-post-thumbnail","hentry","category-cronica"],"_links":{"self":[{"href":"https:\/\/www.radiopresidenteibanez.cl\/web\/wp-json\/wp\/v2\/posts\/19879","targetHints":{"allow":["GET"]}}],"collection":[{"href":"https:\/\/www.radiopresidenteibanez.cl\/web\/wp-json\/wp\/v2\/posts"}],"about":[{"href":"https:\/\/www.radiopresidenteibanez.cl\/web\/wp-json\/wp\/v2\/types\/post"}],"author":[{"embeddable":true,"href":"https:\/\/www.radiopresidenteibanez.cl\/web\/wp-json\/wp\/v2\/users\/2"}],"replies":[{"embeddable":true,"href":"https:\/\/www.radiopresidenteibanez.cl\/web\/wp-json\/wp\/v2\/comments?post=19879"}],"version-history":[{"count":0,"href":"https:\/\/www.radiopresidenteibanez.cl\/web\/wp-json\/wp\/v2\/posts\/19879\/revisions"}],"wp:featuredmedia":[{"embeddable":true,"href":"https:\/\/www.radiopresidenteibanez.cl\/web\/wp-json\/wp\/v2\/media\/19880"}],"wp:attachment":[{"href":"https:\/\/www.radiopresidenteibanez.cl\/web\/wp-json\/wp\/v2\/media?parent=19879"}],"wp:term":[{"taxonomy":"category","embeddable":true,"href":"https:\/\/www.radiopresidenteibanez.cl\/web\/wp-json\/wp\/v2\/categories?post=19879"},{"taxonomy":"post_tag","embeddable":true,"href":"https:\/\/www.radiopresidenteibanez.cl\/web\/wp-json\/wp\/v2\/tags?post=19879"}],"curies":[{"name":"wp","href":"https:\/\/api.w.org\/{rel}","templated":true}]}}