{"id":19876,"date":"2021-04-09T16:14:08","date_gmt":"2021-04-09T16:14:08","guid":{"rendered":"https:\/\/www.radiopresidenteibanez.cl\/web\/?p=19876"},"modified":"2021-04-09T16:14:13","modified_gmt":"2021-04-09T16:14:13","slug":"municipio-de-punta-arenas-extendio-talleres-deportivos-hasta-fines-de-junio","status":"publish","type":"post","link":"https:\/\/www.radiopresidenteibanez.cl\/web\/municipio-de-punta-arenas-extendio-talleres-deportivos-hasta-fines-de-junio\/","title":{"rendered":"MUNICIPIO DE PUNTA ARENAS EXTENDI\u00d3 TALLERES DEPORTIVOS HASTA FINES DE JUNIO"},"content":{"rendered":"\n<p>Hasta el 30 de junio se extendieron los talleres deportivos\norganizados por el Municipio de Punta Arenas, que han permitido a los vecinos\ndisfrutar de distintas actividades al aire libre.<\/p>\n\n\n\n<p>Si bien en principio los talleres duraban hasta fines de\nmarzo, se decidi\u00f3 extender las actividades que permiten a los vecinos\ndistraerse y fortalecer su organismo a trav\u00e9s del deporte.<\/p>\n\n\n\n<p>Zumba, Acondicionamiento F\u00edsico, Escuela Deportiva, Tenis,\nEsgrima, B\u00e1squetbol, Balonmano, Danza y Karate, son las alternativas disponibles,\nlas cuales se continuar\u00e1n haciendo al aire libre (mientras las condiciones\nclim\u00e1ticas y sanitarias lo permitan) y en algunas ocasiones online.<\/p>\n\n\n\n<p>\u201cDurante estos meses hemos tenido una gran cantidad de\npersonas interesadas en participar de estas actividades deportivas, lo cual es\nmuy positivo porque sabemos que el deporte trae grandes beneficios para la\nsalud f\u00edsica, mental y emocional. As\u00ed que estamos muy contentos y por eso hemos\ndecidido extender los talleres al aire libre, mientras las condiciones sanitarias\ny clim\u00e1ticas as\u00ed lo permitan\u201d, afirm\u00f3 la directora de Desarrollo Comunitario,\nElena Blackwood.<\/p>\n\n\n\n<p>La iniciativa es posible gracias al financiamiento del\nprograma de Promoci\u00f3n de la Salud, dependiente de la secretar\u00eda regional de\nSalud.<\/p>\n\n\n\n<p>Debido a que se han generado algunos cupos, los interesados\npueden realizar consultas e inscripciones al correo&nbsp;<a href=\"mailto:profesionaldeportes@e-puntaarenas.cl\">profesionaldeportes@e-puntaarenas.cl<\/a>&nbsp;o\na trav\u00e9s de las redes sociales del Municipio de Punta Arenas.<\/p>\n\n\n\n<p><br>\nLas actividades y horarios son los siguientes:<\/p>\n\n\n\n<figure class=\"wp-block-table\"><table class=\"\"><tbody><tr><td>\n  Disciplina\n  <\/td><td>\n  Profesor\n  <\/td><td>\n  Participantes\n  <\/td><td>\n  Horarios\n  <\/td><td>\n  Lugar\n  <\/td><\/tr><tr><td>\n  Zumba\n  <\/td><td>\n  Lidia Runil\n  <\/td><td>\n  Adultos, damas y varones\n  <\/td><td>\n  Martes y Jueves, 18.15 a 20.15 horas\n  <\/td><td>\n  JJ.VV. Archipi\u00e9lago de Chilo\u00e9\n  <\/td><\/tr><tr><td>\n  Acondicionamiento F\u00edsico\n  <\/td><td>\n  Cristian Hern\u00e1ndez\n  <\/td><td>\n  J\u00f3venes y Adultos, damas y varones\n  <\/td><td>\n  Lunes,\n  Mi\u00e9rcoles y Viernes, 19.20 a 20.40 horas\n  <\/td><td>\n  Capit\u00e1n Guillermos antes de llegar a Avenida Frei\n  <\/td><\/tr><tr><td>\n  Acondicionamiento F\u00edsico\n  <\/td><td>\n  Daniel\n  Hern\u00e1ndez\n  <\/td><td>\n  Adultos, damas y varones\n  <\/td><td>\n  Martes y Jueves 19.30 a 20.30 horas S\u00e1bado y Domingo\n  12 a 13 horas\n  <\/td><td>\n  Parque&nbsp; Don Bosco\n  <\/td><\/tr><tr><td>\n  Escuela&nbsp;Deportiva\n  <\/td><td>\n  Misael Hern\u00e1ndez\n  <\/td><td>\n  Ni\u00f1os y ni\u00f1as (8 a 12 a\u00f1os)\n  <\/td><td>\n  Martes,\n  Jueves y Viernes\n  18.10 a\n  19.30 horas\n  <\/td><td>\n  Kuzma Slavic con Bondallaz\n  <\/td><\/tr><tr><td>\n  Tenis\n  <\/td><td>\n  Celso Oyarzo\n  <\/td><td>\n  Ni\u00f1os y ni\u00f1as (7 a 14 a\u00f1os)\n  <\/td><td>\n  Martes y Jueves 15 a 17 horas\n  <\/td><td>\n  Villa Ovejero\n  <\/td><\/tr><tr><td>\n  Esgrima\n  <\/td><td>\n  Marcelo Lorca\n  <\/td><td>\n  Ni\u00f1os y ni\u00f1as (8 a 18 a\u00f1os)\n  <\/td><td>\n  Lunes 19 a 20 horas.\n  Mi\u00e9rcoles y Viernes 19.00 a 20.30 horas\n  <\/td><td>\n  Parque Mar\u00eda Behety\n  <\/td><\/tr><tr><td>\n  Escuela&nbsp;Deportiva\n  <\/td><td>\n  Josseline Mu\u00f1oz\n  <\/td><td>\n  Ni\u00f1os y ni\u00f1as (9 a 11 a\u00f1os)\n  <\/td><td>\n  Lunes y Mi\u00e9rcoles 16.30 a 18.30 horas\n  <\/td><td>\n  R\u00f3mulo Correa con Av. Espa\u00f1a\n  <\/td><\/tr><tr><td>\n  B\u00e1squetbol\n  <\/td><td>\n  Renato torres\n  <\/td><td>\n  Ni\u00f1os y ni\u00f1as (10 a 18 a\u00f1os)\n  <\/td><td>\n  Jueves y Viernes 18.30 a 20.30 horas\n  <\/td><td>\n  Patricio Stambuk (Poblaci\u00f3n Club H\u00edpico)\n  <\/td><\/tr><tr><td>\n  B\u00e1squetbol\n  <\/td><td>\n  Danilo Bahamondez\n  <\/td><td>\n  Ni\u00f1os y ni\u00f1as (10 a 18 a\u00f1os)\n  <\/td><td>\n  Martes y Mi\u00e9rcoles 18.30 a 20.30 horas\n  <\/td><td>\n  Patricio Stambuk (Poblaci\u00f3n Club H\u00edpico)\n  <\/td><\/tr><tr><td>\n  Balonmano\n  <\/td><td>\n  Freddy P\u00e9rez\n  <\/td><td>\n  Ni\u00f1os y ni\u00f1as (12 a 18 a\u00f1os)\n  <\/td><td>\n  Martes y Jueves 15 a 17 horas\n  <\/td><td>\n  Liceo Experimental Patio Techado\n  <\/td><\/tr><tr><td>\n  Acondicionamiento F\u00edsico\n  <\/td><td>\n  Pablo Ojeda\n  <\/td><td>\n  Adultos y ni\u00f1os\n  <\/td><td>\n  Martes y Jueves 18 a 20 horas\n  <\/td><td>\n  Av. Espa\u00f1a con Alberto Conus\n  <\/td><\/tr><tr><td>\n  Karate\n  <\/td><td>\n  Daniel C\u00e1rdenas\n  <\/td><td>\n  Ni\u00f1os y ni\u00f1as 8 a 14 a\u00f1os\n  <\/td><td>\n  Lunes y Mi\u00e9rcoles de 16.30 a 18.30 horas\n  <\/td><td>\n  Av. Costanera con Croacia\n  <\/td><\/tr><\/tbody><\/table><\/figure>\n","protected":false},"excerpt":{"rendered":"<p>Hasta el 30 de junio se extendieron los talleres deportivos organizados por el Municipio de Punta Arenas, que han permitido a los vecinos disfrutar de distintas actividades al aire libre&#8230;. <a class=\"read-more\" href=\"https:\/\/www.radiopresidenteibanez.cl\/web\/municipio-de-punta-arenas-extendio-talleres-deportivos-hasta-fines-de-junio\/\">Leer m\u00e1s<\/a><\/p>\n","protected":false},"author":2,"featured_media":19877,"comment_status":"closed","ping_status":"closed","sticky":false,"template":"","format":"standard","meta":{"footnotes":""},"categories":[1],"tags":[],"class_list":["post-19876","post","type-post","status-publish","format-standard","has-post-thumbnail","hentry","category-cronica"],"_links":{"self":[{"href":"https:\/\/www.radiopresidenteibanez.cl\/web\/wp-json\/wp\/v2\/posts\/19876","targetHints":{"allow":["GET"]}}],"collection":[{"href":"https:\/\/www.radiopresidenteibanez.cl\/web\/wp-json\/wp\/v2\/posts"}],"about":[{"href":"https:\/\/www.radiopresidenteibanez.cl\/web\/wp-json\/wp\/v2\/types\/post"}],"author":[{"embeddable":true,"href":"https:\/\/www.radiopresidenteibanez.cl\/web\/wp-json\/wp\/v2\/users\/2"}],"replies":[{"embeddable":true,"href":"https:\/\/www.radiopresidenteibanez.cl\/web\/wp-json\/wp\/v2\/comments?post=19876"}],"version-history":[{"count":0,"href":"https:\/\/www.radiopresidenteibanez.cl\/web\/wp-json\/wp\/v2\/posts\/19876\/revisions"}],"wp:featuredmedia":[{"embeddable":true,"href":"https:\/\/www.radiopresidenteibanez.cl\/web\/wp-json\/wp\/v2\/media\/19877"}],"wp:attachment":[{"href":"https:\/\/www.radiopresidenteibanez.cl\/web\/wp-json\/wp\/v2\/media?parent=19876"}],"wp:term":[{"taxonomy":"category","embeddable":true,"href":"https:\/\/www.radiopresidenteibanez.cl\/web\/wp-json\/wp\/v2\/categories?post=19876"},{"taxonomy":"post_tag","embeddable":true,"href":"https:\/\/www.radiopresidenteibanez.cl\/web\/wp-json\/wp\/v2\/tags?post=19876"}],"curies":[{"name":"wp","href":"https:\/\/api.w.org\/{rel}","templated":true}]}}