{"id":19872,"date":"2021-04-09T16:10:04","date_gmt":"2021-04-09T16:10:04","guid":{"rendered":"https:\/\/www.radiopresidenteibanez.cl\/web\/?p=19872"},"modified":"2021-04-09T16:10:11","modified_gmt":"2021-04-09T16:10:11","slug":"diputada-sandra-amar-busca-soluciones-a-los-problemas-de-conectividad-en-tierra-del-fuego","status":"publish","type":"post","link":"https:\/\/www.radiopresidenteibanez.cl\/web\/diputada-sandra-amar-busca-soluciones-a-los-problemas-de-conectividad-en-tierra-del-fuego\/","title":{"rendered":"DIPUTADA SANDRA AMAR BUSCA SOLUCIONES A LOS PROBLEMAS DE CONECTIVIDAD EN TIERRA DEL FUEGO"},"content":{"rendered":"\n<p>Con el objetivo de revisar los problemas de conectividad\ndigital en la Provincia de Tierra del Fuego, la Diputada Sandra Amar se reuni\u00f3\ncon el Seremi de Transporte y Telecomunicaciones, Marco Mella, instancia en que\nambos se comprometieron a seguir realizando las gestiones necesarias para que\nlos habitantes de la Provincia puedan contar con una buena conexi\u00f3n digital.<\/p>\n\n\n\n<p>Al respecto, la Diputada Amar sostuvo que \u201ces un tema que\nlo conozco porque he conversado con los habitantes de la Provincia y he sido\ntestigo de lo que significa el estar desconectado digitalmente, sobretodo en\nestos tiempos de pandemia donde hoy d\u00eda m\u00e1s que nunca tenemos que acercar los\nbienes y servicios a las personas y la forma que tenemos para transmitir y\ncomunicarnos es justamente a trav\u00e9s de estos sistemas digitales. Es por ello,\nque para todos los habitantes de Tierra del Fuego, especialmente para los\nestudiantes, que la forma que tienen de acceder a la educaci\u00f3n es a trav\u00e9s de\nmanera telem\u00e1tica, hoy d\u00eda m\u00e1s que nunca cobra real relevancia el poder contar\ncon una buena conectividad digital\u201d. <\/p>\n\n\n\n<p>A eso, la parlamentaria a\u00f1adi\u00f3 que el Seremi de\nTransportes y Telecomunicaciones, est\u00e1 realizando las gestiones pertinentes\npara que este asunto se solucione a la brevedad posible. \u201cMe coment\u00f3 que \u00e9l\nest\u00e1 justamente reuni\u00e9ndose con los actores para poder dar una soluci\u00f3n a la\nmenor brevedad posible a estos problemas de conectividad digital, as\u00ed que\nestaremos monitoreando cual han sido los avances de estas reuniones y de estas\ngestiones\u201d afirm\u00f3.<\/p>\n\n\n\n<p>Por su parte, el Seremi de Transportes y\nTelecomunicaciones, Marco Mella, coment\u00f3 que reuni\u00f3 con la Diputada Sandra\nAmar, quien le convers\u00f3 varias inquietudes principalmente de la Provincia de\nTierra del Fuego. \u201cNos manifest\u00f3 que est\u00e1 muy preocupada por las conexiones de\ninternet, espec\u00edficamente de la Provincia de Tierra del Fuego, a lo cual\nconversamos que estamos preparando soluciones para acercar posiciones entre las\ncompa\u00f1\u00edas que est\u00e1n usando el FOP (Fibra \u00d3ptica)\u201d explic\u00f3 la autoridad.<\/p>\n\n\n\n<p><strong>Problemas\nde conectividad en \u00daltima Esperanza <\/strong><\/p>\n\n\n\n<p>Adicional a la problem\u00e1tica de Tierra del Fuego, la\nDiputada Sandra Amar, durante la reuni\u00f3n tambi\u00e9n plante\u00f3 otros dos temas, ambos\nen la Provincia de \u00daltima Esperanza. El primero fue sobre los problemas de\ntraslado en el cruce de Punta Daroch y el segundo por inconvenientes de\nconectividad digital en los sectores periurbano de la Provincia, espec\u00edficamente\nen Villa Cari\u00f1o y Poblaci\u00f3n Isabel Riquelme.<\/p>\n\n\n\n<p>Con respecto a ambos temas, la Diputada explic\u00f3 que \u201cuno es\nla conectividad, es decir el medio para trasladar a los habitantes de Punta\nDaroch, que es un tema que le vengo solicitando a la ministra desde el inicio\nde mi periodo legislativo y que ah\u00ed est\u00e1 avanzando, pero estamos con algunos\nproblemas presupuestarios, por ello que ah\u00ed har\u00e9 las gestiones ante la ministra\npara que podamos darle una soluci\u00f3n, se encontraba dentro del programa 2021, no\npuede ser que a la fecha a\u00fan hayan personas que tengan que depender de la buena\nvoluntad de otros para hacer el cruce a Natales. Y lo \u00faltimo, es tambi\u00e9n poder\nmejorar las comunicaciones en un sector periurbano de Natales, que es un tema\nque nos plante\u00f3 el concejal Daniel C\u00f3rdova. Yo me reun\u00ed con los dirigentes\nvecinales y est\u00e1 relacionado con la Villa Cari\u00f1o y la Poblaci\u00f3n Isabel Riquelme\na objetos de poder brindar una mejor comunicaci\u00f3n o instalaci\u00f3n a esos\nsectores\u201d:&nbsp; \n\nA su vez, la autoridad de Transportes y\nTelecomunicaciones, dijo \u201cnos manifest\u00f3 (la Diputada) su preocupaci\u00f3n por los\nhabitantes de la pen\u00ednsula Antonio Varas, en el cruce Punta Daroch, le\nmanifestamos que estamos trabajando en ello y nos plante\u00f3 una inquietud\nreferente al sector periurbano de Puerto Natales sobre qu\u00e9 posibilidades o\nfactibilidades t\u00e9cnicas existen para que ellos puedan mejorar sus comunicaciones.\nHa sido una reuni\u00f3n provechosa, en la cual hemos conocido las inquietudes que\nha canalizado nuestra Diputada Sandra Amar\u201d.\n\n\n\n<\/p>\n","protected":false},"excerpt":{"rendered":"<p>Con el objetivo de revisar los problemas de conectividad digital en la Provincia de Tierra del Fuego, la Diputada Sandra Amar se reuni\u00f3 con el Seremi de Transporte y Telecomunicaciones,&#8230; <a class=\"read-more\" href=\"https:\/\/www.radiopresidenteibanez.cl\/web\/diputada-sandra-amar-busca-soluciones-a-los-problemas-de-conectividad-en-tierra-del-fuego\/\">Leer m\u00e1s<\/a><\/p>\n","protected":false},"author":2,"featured_media":19873,"comment_status":"closed","ping_status":"closed","sticky":false,"template":"","format":"standard","meta":{"footnotes":""},"categories":[1],"tags":[],"class_list":["post-19872","post","type-post","status-publish","format-standard","has-post-thumbnail","hentry","category-cronica"],"_links":{"self":[{"href":"https:\/\/www.radiopresidenteibanez.cl\/web\/wp-json\/wp\/v2\/posts\/19872","targetHints":{"allow":["GET"]}}],"collection":[{"href":"https:\/\/www.radiopresidenteibanez.cl\/web\/wp-json\/wp\/v2\/posts"}],"about":[{"href":"https:\/\/www.radiopresidenteibanez.cl\/web\/wp-json\/wp\/v2\/types\/post"}],"author":[{"embeddable":true,"href":"https:\/\/www.radiopresidenteibanez.cl\/web\/wp-json\/wp\/v2\/users\/2"}],"replies":[{"embeddable":true,"href":"https:\/\/www.radiopresidenteibanez.cl\/web\/wp-json\/wp\/v2\/comments?post=19872"}],"version-history":[{"count":0,"href":"https:\/\/www.radiopresidenteibanez.cl\/web\/wp-json\/wp\/v2\/posts\/19872\/revisions"}],"wp:featuredmedia":[{"embeddable":true,"href":"https:\/\/www.radiopresidenteibanez.cl\/web\/wp-json\/wp\/v2\/media\/19873"}],"wp:attachment":[{"href":"https:\/\/www.radiopresidenteibanez.cl\/web\/wp-json\/wp\/v2\/media?parent=19872"}],"wp:term":[{"taxonomy":"category","embeddable":true,"href":"https:\/\/www.radiopresidenteibanez.cl\/web\/wp-json\/wp\/v2\/categories?post=19872"},{"taxonomy":"post_tag","embeddable":true,"href":"https:\/\/www.radiopresidenteibanez.cl\/web\/wp-json\/wp\/v2\/tags?post=19872"}],"curies":[{"name":"wp","href":"https:\/\/api.w.org\/{rel}","templated":true}]}}