{"id":19869,"date":"2021-04-09T16:08:03","date_gmt":"2021-04-09T16:08:03","guid":{"rendered":"https:\/\/www.radiopresidenteibanez.cl\/web\/?p=19869"},"modified":"2021-04-09T16:11:04","modified_gmt":"2021-04-09T16:11:04","slug":"equipo-de-la-fiscalia-se-capacito-en-formulario-adn","status":"publish","type":"post","link":"https:\/\/www.radiopresidenteibanez.cl\/web\/equipo-de-la-fiscalia-se-capacito-en-formulario-adn\/","title":{"rendered":"EQUIPO DE LA FISCAL\u00cdA SE  CAPACIT\u00d3 EN FORMULARIO ADN"},"content":{"rendered":"\n<figure class=\"wp-block-table\"><table class=\"\"><tbody><tr><td>\n  Con el&nbsp; fin\n  de mantener actualizados los conocimientos del equipo de la Fiscal\u00eda&nbsp; en materias relacionadas al formulario ADN,\n  la Perito Qu\u00edmico, Natalia Robledo del Laboratorio de Criminal\u00edstica de\n  Carabineros, LABOCAR,&nbsp; efectu\u00f3 una\n  charla a los integrantes de la instituci\u00f3n en&nbsp;\n  Punta Arenas, Puerto Natales y Porvenir, en la cual abord\u00f3 perfil\n  gen\u00e9tico, evidencia, comparativos gen\u00e9ticos, entre otras tem\u00e1ticas.\n  &nbsp;\n  <\/td><\/tr><\/tbody><\/table><\/figure>\n\n\n\n<p>\n\n\n\nLa jornada, que se realiz\u00f3\nen el marco del Plan de Capacitaci\u00f3n, fue organizada por el Fiscal Jefe de\nPunta Arenas, Fernando Dobson Soto y la Administradora de la Fiscal\u00eda Local,\nJacqueline Leal y tuvo por fin instruir y especializar al equipo de trabajo en\ntem\u00e1ticas jur\u00eddico penales espec\u00edficas, que permitan disipar dudas y\nperfeccionar &nbsp;la persecuci\u00f3n penal\n\n\n\n<\/p>\n","protected":false},"excerpt":{"rendered":"<p>Con el&nbsp; fin de mantener actualizados los conocimientos del equipo de la Fiscal\u00eda&nbsp; en materias relacionadas al formulario ADN, la Perito Qu\u00edmico, Natalia Robledo del Laboratorio de Criminal\u00edstica de Carabineros,&#8230; <a class=\"read-more\" href=\"https:\/\/www.radiopresidenteibanez.cl\/web\/equipo-de-la-fiscalia-se-capacito-en-formulario-adn\/\">Leer m\u00e1s<\/a><\/p>\n","protected":false},"author":2,"featured_media":19870,"comment_status":"closed","ping_status":"closed","sticky":false,"template":"","format":"standard","meta":{"footnotes":""},"categories":[1],"tags":[],"class_list":["post-19869","post","type-post","status-publish","format-standard","has-post-thumbnail","hentry","category-cronica"],"_links":{"self":[{"href":"https:\/\/www.radiopresidenteibanez.cl\/web\/wp-json\/wp\/v2\/posts\/19869","targetHints":{"allow":["GET"]}}],"collection":[{"href":"https:\/\/www.radiopresidenteibanez.cl\/web\/wp-json\/wp\/v2\/posts"}],"about":[{"href":"https:\/\/www.radiopresidenteibanez.cl\/web\/wp-json\/wp\/v2\/types\/post"}],"author":[{"embeddable":true,"href":"https:\/\/www.radiopresidenteibanez.cl\/web\/wp-json\/wp\/v2\/users\/2"}],"replies":[{"embeddable":true,"href":"https:\/\/www.radiopresidenteibanez.cl\/web\/wp-json\/wp\/v2\/comments?post=19869"}],"version-history":[{"count":0,"href":"https:\/\/www.radiopresidenteibanez.cl\/web\/wp-json\/wp\/v2\/posts\/19869\/revisions"}],"wp:featuredmedia":[{"embeddable":true,"href":"https:\/\/www.radiopresidenteibanez.cl\/web\/wp-json\/wp\/v2\/media\/19870"}],"wp:attachment":[{"href":"https:\/\/www.radiopresidenteibanez.cl\/web\/wp-json\/wp\/v2\/media?parent=19869"}],"wp:term":[{"taxonomy":"category","embeddable":true,"href":"https:\/\/www.radiopresidenteibanez.cl\/web\/wp-json\/wp\/v2\/categories?post=19869"},{"taxonomy":"post_tag","embeddable":true,"href":"https:\/\/www.radiopresidenteibanez.cl\/web\/wp-json\/wp\/v2\/tags?post=19869"}],"curies":[{"name":"wp","href":"https:\/\/api.w.org\/{rel}","templated":true}]}}