{"id":19866,"date":"2021-04-09T16:03:44","date_gmt":"2021-04-09T16:03:44","guid":{"rendered":"https:\/\/www.radiopresidenteibanez.cl\/web\/?p=19866"},"modified":"2021-04-09T16:03:49","modified_gmt":"2021-04-09T16:03:49","slug":"ultimos-dias-para-postular-al-fondo-de-fortalecimiento-de-organizaciones-de-interes-publico","status":"publish","type":"post","link":"https:\/\/www.radiopresidenteibanez.cl\/web\/ultimos-dias-para-postular-al-fondo-de-fortalecimiento-de-organizaciones-de-interes-publico\/","title":{"rendered":"\u00daLTIMOS D\u00cdAS PARA POSTULAR AL FONDO DE FORTALECIMIENTO DE ORGANIZACIONES DE INTER\u00c9S P\u00daBLICO"},"content":{"rendered":"\n<p>La seremi de Gobierno,\nAlejandra Mu\u00f1oz, hizo un llamado a los dirigentes sociales de la regi\u00f3n para\nque presenten sus postulaciones al Fortalecimiento de Organizaciones de Inter\u00e9s\nP\u00fablico (FFOIP), ya que el concurso se encuentra abierto hasta el 16 de abril. <\/p>\n\n\n\n<p>En ese sentido, la vocera del Gobierno Regional\nexplic\u00f3 que, a trav\u00e9s de este fondo concursable dirigido a las organizaciones\nsociales, se busca contribuir al fortalecimiento de las entidades a trav\u00e9s del\nfinanciamiento de proyectos que tengan impacto dentro de la comunidad. <\/p>\n\n\n\n<p>\u201cQueremos crear m\u00e1s y mejores herramientas para\nfortalecer el rol del dirigente social y tambi\u00e9n fortalecer la gesti\u00f3n de las\norganizaciones en la comunidad. Sabemos que la labor que realizan es\nfundamental en la sociedad, mostrando un compromiso social extraordinario,\nsobre todo, en tiempos tan adversos como los que hemos vivido en el \u00faltimo\ntiempo. Esperamos que todo tipo de organizaci\u00f3n social, se motive este 2021 a\npresentar proyectos que ayuden en el tremendo trabajo que realizan\u201d, manifest\u00f3\nla seremi. <\/p>\n\n\n\n<p>Las Organizaciones de\nInter\u00e9s P\u00fablico pueden presentar iniciativas de car\u00e1cter local ($1.800.000),\nregional ($3.600.000) y nacional ($8.500.000), y ser\u00e1n financiadas las que\nest\u00e9n orientadas a derechos de la ciudadan\u00eda, educaci\u00f3n, salud, medio ambiente\no cualquiera otra de bien com\u00fan.<\/p>\n\n\n\n<p>Para poder postular a\neste Fondo deben ingresar a <a href=\"http:\/\/www.fondodefortalecimiento.gob.cl\">www.fondodefortalecimiento.gob.cl<\/a><\/p>\n\n\n\n<p>El plazo de postulaci\u00f3n\nse extender\u00e1 hasta las 12:00 horas del 16 de abril si el proyecto se entrega de\nmanera presencial en las oficinas de la secretar\u00eda Regional Ministerial de\nGobierno (2do piso edificio intendencia), en tanto que la postulaci\u00f3n online\nfinaliza el mismo d\u00eda a las 23:59 horas. <\/p>\n","protected":false},"excerpt":{"rendered":"<p>La seremi de Gobierno, Alejandra Mu\u00f1oz, hizo un llamado a los dirigentes sociales de la regi\u00f3n para que presenten sus postulaciones al Fortalecimiento de Organizaciones de Inter\u00e9s P\u00fablico (FFOIP), ya&#8230; <a class=\"read-more\" href=\"https:\/\/www.radiopresidenteibanez.cl\/web\/ultimos-dias-para-postular-al-fondo-de-fortalecimiento-de-organizaciones-de-interes-publico\/\">Leer m\u00e1s<\/a><\/p>\n","protected":false},"author":2,"featured_media":19867,"comment_status":"closed","ping_status":"closed","sticky":false,"template":"","format":"standard","meta":{"footnotes":""},"categories":[1],"tags":[],"class_list":["post-19866","post","type-post","status-publish","format-standard","has-post-thumbnail","hentry","category-cronica"],"_links":{"self":[{"href":"https:\/\/www.radiopresidenteibanez.cl\/web\/wp-json\/wp\/v2\/posts\/19866","targetHints":{"allow":["GET"]}}],"collection":[{"href":"https:\/\/www.radiopresidenteibanez.cl\/web\/wp-json\/wp\/v2\/posts"}],"about":[{"href":"https:\/\/www.radiopresidenteibanez.cl\/web\/wp-json\/wp\/v2\/types\/post"}],"author":[{"embeddable":true,"href":"https:\/\/www.radiopresidenteibanez.cl\/web\/wp-json\/wp\/v2\/users\/2"}],"replies":[{"embeddable":true,"href":"https:\/\/www.radiopresidenteibanez.cl\/web\/wp-json\/wp\/v2\/comments?post=19866"}],"version-history":[{"count":0,"href":"https:\/\/www.radiopresidenteibanez.cl\/web\/wp-json\/wp\/v2\/posts\/19866\/revisions"}],"wp:featuredmedia":[{"embeddable":true,"href":"https:\/\/www.radiopresidenteibanez.cl\/web\/wp-json\/wp\/v2\/media\/19867"}],"wp:attachment":[{"href":"https:\/\/www.radiopresidenteibanez.cl\/web\/wp-json\/wp\/v2\/media?parent=19866"}],"wp:term":[{"taxonomy":"category","embeddable":true,"href":"https:\/\/www.radiopresidenteibanez.cl\/web\/wp-json\/wp\/v2\/categories?post=19866"},{"taxonomy":"post_tag","embeddable":true,"href":"https:\/\/www.radiopresidenteibanez.cl\/web\/wp-json\/wp\/v2\/tags?post=19866"}],"curies":[{"name":"wp","href":"https:\/\/api.w.org\/{rel}","templated":true}]}}