{"id":1985,"date":"2019-03-07T13:35:58","date_gmt":"2019-03-07T13:35:58","guid":{"rendered":"http:\/\/www.radiopresidenteibanez.cl\/web\/?p=1985"},"modified":"2019-03-07T13:40:05","modified_gmt":"2019-03-07T13:40:05","slug":"lil-garces-seremi-de-hacienda-analizo-el-primer-ano-de-gestion-del-presidente-sebastian-pinera-asi-tambien-lo-que-se-viene-para-la-region","status":"publish","type":"post","link":"https:\/\/www.radiopresidenteibanez.cl\/web\/lil-garces-seremi-de-hacienda-analizo-el-primer-ano-de-gestion-del-presidente-sebastian-pinera-asi-tambien-lo-que-se-viene-para-la-region\/","title":{"rendered":"LIL G\u00c1RCES SEREMI DE HACIENDA, ANALIZ\u00d3 EL PRIMER A\u00d1O DE GESTI\u00d3N DEL PRESIDENTE SEBASTI\u00c1N PI\u00d1ERA AS\u00cd TAMBI\u00c9N LO QUE SE VIENE PARA LA REGI\u00d3N"},"content":{"rendered":"\n<p>En visita al programa \u00abQue Tarde, Esta Tarde\u00bb la Seremi de Hacienda, Lil G\u00e1rces, analiz\u00f3 el primer a\u00f1o de gesti\u00f3n del presidente Pi\u00f1era, as\u00ed tambi\u00e9n lo que se viene en Magallanes para el a\u00f1o en curso y el ingreso de Jos\u00e9 Fern\u00e1ndez como Intendente.<\/p>\n\n\n\n<p>Link de la entrevista<\/p>\n\n\n\n<figure class=\"wp-block-embed-facebook wp-block-embed is-type-video is-provider-facebook\"><div class=\"wp-block-embed__wrapper\">\nhttps:\/\/www.facebook.com\/287588041574\/videos\/392936524836993\/\n<\/div><\/figure>\n\n\n\n<ul class=\"wp-block-gallery columns-2 is-cropped wp-block-gallery-1 is-layout-flex wp-block-gallery-is-layout-flex\"><li class=\"blocks-gallery-item\"><figure><img loading=\"lazy\" decoding=\"async\" width=\"1024\" height=\"682\" src=\"https:\/\/www.radiopresidenteibanez.cl\/web\/wp-content\/uploads\/2019\/03\/IMG-20190306-WA0018-1024x682.jpg\" alt=\"\" data-id=\"1986\" data-link=\"https:\/\/www.radiopresidenteibanez.cl\/web\/?attachment_id=1986\" class=\"wp-image-1986\" srcset=\"https:\/\/www.radiopresidenteibanez.cl\/web\/wp-content\/uploads\/2019\/03\/IMG-20190306-WA0018-1024x682.jpg 1024w, https:\/\/www.radiopresidenteibanez.cl\/web\/wp-content\/uploads\/2019\/03\/IMG-20190306-WA0018-300x200.jpg 300w, https:\/\/www.radiopresidenteibanez.cl\/web\/wp-content\/uploads\/2019\/03\/IMG-20190306-WA0018-768x512.jpg 768w, https:\/\/www.radiopresidenteibanez.cl\/web\/wp-content\/uploads\/2019\/03\/IMG-20190306-WA0018.jpg 1280w\" sizes=\"auto, (max-width: 1024px) 100vw, 1024px\" \/><\/figure><\/li><li class=\"blocks-gallery-item\"><figure><img loading=\"lazy\" decoding=\"async\" width=\"1024\" height=\"682\" src=\"https:\/\/www.radiopresidenteibanez.cl\/web\/wp-content\/uploads\/2019\/03\/IMG-20190306-WA0027-1024x682.jpg\" alt=\"\" data-id=\"1987\" data-link=\"https:\/\/www.radiopresidenteibanez.cl\/web\/?attachment_id=1987\" class=\"wp-image-1987\" srcset=\"https:\/\/www.radiopresidenteibanez.cl\/web\/wp-content\/uploads\/2019\/03\/IMG-20190306-WA0027-1024x682.jpg 1024w, https:\/\/www.radiopresidenteibanez.cl\/web\/wp-content\/uploads\/2019\/03\/IMG-20190306-WA0027-300x200.jpg 300w, https:\/\/www.radiopresidenteibanez.cl\/web\/wp-content\/uploads\/2019\/03\/IMG-20190306-WA0027-768x512.jpg 768w, https:\/\/www.radiopresidenteibanez.cl\/web\/wp-content\/uploads\/2019\/03\/IMG-20190306-WA0027.jpg 1280w\" sizes=\"auto, (max-width: 1024px) 100vw, 1024px\" \/><\/figure><\/li><\/ul>\n","protected":false},"excerpt":{"rendered":"<p>En visita al programa \u00abQue Tarde, Esta Tarde\u00bb la Seremi de Hacienda, Lil G\u00e1rces, analiz\u00f3 el primer a\u00f1o de gesti\u00f3n del presidente Pi\u00f1era, as\u00ed tambi\u00e9n lo que se viene en&#8230; <a class=\"read-more\" href=\"https:\/\/www.radiopresidenteibanez.cl\/web\/lil-garces-seremi-de-hacienda-analizo-el-primer-ano-de-gestion-del-presidente-sebastian-pinera-asi-tambien-lo-que-se-viene-para-la-region\/\">Leer m\u00e1s<\/a><\/p>\n","protected":false},"author":2,"featured_media":1986,"comment_status":"closed","ping_status":"closed","sticky":false,"template":"","format":"standard","meta":{"footnotes":""},"categories":[1,36],"tags":[],"class_list":["post-1985","post","type-post","status-publish","format-standard","has-post-thumbnail","hentry","category-cronica","category-videos"],"_links":{"self":[{"href":"https:\/\/www.radiopresidenteibanez.cl\/web\/wp-json\/wp\/v2\/posts\/1985","targetHints":{"allow":["GET"]}}],"collection":[{"href":"https:\/\/www.radiopresidenteibanez.cl\/web\/wp-json\/wp\/v2\/posts"}],"about":[{"href":"https:\/\/www.radiopresidenteibanez.cl\/web\/wp-json\/wp\/v2\/types\/post"}],"author":[{"embeddable":true,"href":"https:\/\/www.radiopresidenteibanez.cl\/web\/wp-json\/wp\/v2\/users\/2"}],"replies":[{"embeddable":true,"href":"https:\/\/www.radiopresidenteibanez.cl\/web\/wp-json\/wp\/v2\/comments?post=1985"}],"version-history":[{"count":0,"href":"https:\/\/www.radiopresidenteibanez.cl\/web\/wp-json\/wp\/v2\/posts\/1985\/revisions"}],"wp:featuredmedia":[{"embeddable":true,"href":"https:\/\/www.radiopresidenteibanez.cl\/web\/wp-json\/wp\/v2\/media\/1986"}],"wp:attachment":[{"href":"https:\/\/www.radiopresidenteibanez.cl\/web\/wp-json\/wp\/v2\/media?parent=1985"}],"wp:term":[{"taxonomy":"category","embeddable":true,"href":"https:\/\/www.radiopresidenteibanez.cl\/web\/wp-json\/wp\/v2\/categories?post=1985"},{"taxonomy":"post_tag","embeddable":true,"href":"https:\/\/www.radiopresidenteibanez.cl\/web\/wp-json\/wp\/v2\/tags?post=1985"}],"curies":[{"name":"wp","href":"https:\/\/api.w.org\/{rel}","templated":true}]}}