{"id":1980,"date":"2019-03-07T13:18:54","date_gmt":"2019-03-07T13:18:54","guid":{"rendered":"http:\/\/www.radiopresidenteibanez.cl\/web\/?p=1980"},"modified":"2019-03-07T13:18:57","modified_gmt":"2019-03-07T13:18:57","slug":"seremi-de-hacienda-lil-garces-destaca-gran-convocatoria-en-capacitacion-realizada-por-el-servicio-de-impuestos-denominada-reforma-previsional-cotizaciones-honorarios","status":"publish","type":"post","link":"https:\/\/www.radiopresidenteibanez.cl\/web\/seremi-de-hacienda-lil-garces-destaca-gran-convocatoria-en-capacitacion-realizada-por-el-servicio-de-impuestos-denominada-reforma-previsional-cotizaciones-honorarios\/","title":{"rendered":"SEREMI DE HACIENDA LIL GARC\u00c9S DESTACA GRAN CONVOCATORIA EN CAPACITACI\u00d3N REALIZADA POR EL SERVICIO DE IMPUESTOS DENOMINADA \u201cREFORMA PREVISIONAL-COTIZACIONES HONORARIOS\u201d"},"content":{"rendered":"\n<p>El d\u00eda mi\u00e9rcoles 06 de Marzo el SII realiz\u00f3 la primera capacitaci\u00f3n en\ntorno a las Cotizaciones Previsionales y sus modificaciones en operaci\u00f3n renta\n2019.<\/p>\n\n\n\n<p>La instancia tiene como objetivo dar a conocer a los contribuyentes las\nmodificaciones establecidas seg\u00fan ley 21.133 que modifica las normas para la\nincorporaci\u00f3n de los trabajadores independientes a los reg\u00edmenes de protecci\u00f3n\nsocial.(trabajadores independientes que emiten boleta a honorarios)<\/p>\n\n\n\n<p>Dicha normativa comenzar\u00e1 a aplicar en la pr\u00f3xima operaci\u00f3n renta de\nabril 2019, el mecanismo es gradual y su cobertura contempla; 1.Seguro de\nInvalidez y Sobrevivencia <\/p>\n\n\n\n<p>2.Seguro Social contra riesgos de accidentes del trabajo y enfermedades\nprofesionales <\/p>\n\n\n\n<p>3.Seguro para el acompa\u00f1amiento de Ni\u00f1os y Ni\u00f1as (Ley Sanna)<\/p>\n\n\n\n<p>4.Licencias m\u00e9dicas y subsidios, pre y post natal, post natal parental <\/p>\n\n\n\n<p>5.Pensiones<\/p>\n\n\n\n<p>La Seremi Garc\u00e9s destac\u00f3 la importancia de informar a la comunidad previo a la operaci\u00f3n renta, ya que esto permite guiar y dar respuesta a los contribuyentes, otorgando los conocimientos necesarios para dar cumplimiento satisfactorio a sus declaraciones en el mes de Abril.\u00a0 <\/p>\n\n\n\n<p>Adem\u00e1s se\u00f1al\u00f3 que para mayor informaci\u00f3n y calendario de pr\u00f3ximas capacitaciones la comunidad puede visitar el sitio Web <a href=\"www.sii.cl\">www.sii.cl<\/a> y Buscar la opci\u00f3n Actividades de asistencia al contribuyente,donde podr\u00e1n realizar inscripci\u00f3n a la charla y\u00a0 posteriormente obtener certificado de asistencia.<\/p>\n\n\n\n<ul class=\"wp-block-gallery columns-2 is-cropped wp-block-gallery-1 is-layout-flex wp-block-gallery-is-layout-flex\"><li class=\"blocks-gallery-item\"><figure><img loading=\"lazy\" decoding=\"async\" width=\"900\" height=\"609\" src=\"https:\/\/www.radiopresidenteibanez.cl\/web\/wp-content\/uploads\/2019\/03\/sii-2.jpg\" alt=\"\" data-id=\"1981\" data-link=\"https:\/\/www.radiopresidenteibanez.cl\/web\/?attachment_id=1981\" class=\"wp-image-1981\" srcset=\"https:\/\/www.radiopresidenteibanez.cl\/web\/wp-content\/uploads\/2019\/03\/sii-2.jpg 900w, https:\/\/www.radiopresidenteibanez.cl\/web\/wp-content\/uploads\/2019\/03\/sii-2-300x203.jpg 300w, https:\/\/www.radiopresidenteibanez.cl\/web\/wp-content\/uploads\/2019\/03\/sii-2-768x520.jpg 768w\" sizes=\"auto, (max-width: 900px) 100vw, 900px\" \/><\/figure><\/li><li class=\"blocks-gallery-item\"><figure><img loading=\"lazy\" decoding=\"async\" width=\"900\" height=\"600\" src=\"https:\/\/www.radiopresidenteibanez.cl\/web\/wp-content\/uploads\/2019\/03\/sii-3.jpg\" alt=\"\" data-id=\"1982\" data-link=\"https:\/\/www.radiopresidenteibanez.cl\/web\/?attachment_id=1982\" class=\"wp-image-1982\" srcset=\"https:\/\/www.radiopresidenteibanez.cl\/web\/wp-content\/uploads\/2019\/03\/sii-3.jpg 900w, https:\/\/www.radiopresidenteibanez.cl\/web\/wp-content\/uploads\/2019\/03\/sii-3-300x200.jpg 300w, https:\/\/www.radiopresidenteibanez.cl\/web\/wp-content\/uploads\/2019\/03\/sii-3-768x512.jpg 768w\" sizes=\"auto, (max-width: 900px) 100vw, 900px\" \/><\/figure><\/li><li class=\"blocks-gallery-item\"><figure><img loading=\"lazy\" decoding=\"async\" width=\"900\" height=\"600\" src=\"https:\/\/www.radiopresidenteibanez.cl\/web\/wp-content\/uploads\/2019\/03\/sii.jpg\" alt=\"\" data-id=\"1983\" data-link=\"https:\/\/www.radiopresidenteibanez.cl\/web\/?attachment_id=1983\" class=\"wp-image-1983\" srcset=\"https:\/\/www.radiopresidenteibanez.cl\/web\/wp-content\/uploads\/2019\/03\/sii.jpg 900w, https:\/\/www.radiopresidenteibanez.cl\/web\/wp-content\/uploads\/2019\/03\/sii-300x200.jpg 300w, https:\/\/www.radiopresidenteibanez.cl\/web\/wp-content\/uploads\/2019\/03\/sii-768x512.jpg 768w\" sizes=\"auto, (max-width: 900px) 100vw, 900px\" \/><\/figure><\/li><\/ul>\n","protected":false},"excerpt":{"rendered":"<p>El d\u00eda mi\u00e9rcoles 06 de Marzo el SII realiz\u00f3 la primera capacitaci\u00f3n en torno a las Cotizaciones Previsionales y sus modificaciones en operaci\u00f3n renta 2019. La instancia tiene como objetivo&#8230; <a class=\"read-more\" href=\"https:\/\/www.radiopresidenteibanez.cl\/web\/seremi-de-hacienda-lil-garces-destaca-gran-convocatoria-en-capacitacion-realizada-por-el-servicio-de-impuestos-denominada-reforma-previsional-cotizaciones-honorarios\/\">Leer m\u00e1s<\/a><\/p>\n","protected":false},"author":2,"featured_media":1983,"comment_status":"closed","ping_status":"closed","sticky":false,"template":"","format":"standard","meta":{"footnotes":""},"categories":[1],"tags":[],"class_list":["post-1980","post","type-post","status-publish","format-standard","has-post-thumbnail","hentry","category-cronica"],"_links":{"self":[{"href":"https:\/\/www.radiopresidenteibanez.cl\/web\/wp-json\/wp\/v2\/posts\/1980","targetHints":{"allow":["GET"]}}],"collection":[{"href":"https:\/\/www.radiopresidenteibanez.cl\/web\/wp-json\/wp\/v2\/posts"}],"about":[{"href":"https:\/\/www.radiopresidenteibanez.cl\/web\/wp-json\/wp\/v2\/types\/post"}],"author":[{"embeddable":true,"href":"https:\/\/www.radiopresidenteibanez.cl\/web\/wp-json\/wp\/v2\/users\/2"}],"replies":[{"embeddable":true,"href":"https:\/\/www.radiopresidenteibanez.cl\/web\/wp-json\/wp\/v2\/comments?post=1980"}],"version-history":[{"count":0,"href":"https:\/\/www.radiopresidenteibanez.cl\/web\/wp-json\/wp\/v2\/posts\/1980\/revisions"}],"wp:featuredmedia":[{"embeddable":true,"href":"https:\/\/www.radiopresidenteibanez.cl\/web\/wp-json\/wp\/v2\/media\/1983"}],"wp:attachment":[{"href":"https:\/\/www.radiopresidenteibanez.cl\/web\/wp-json\/wp\/v2\/media?parent=1980"}],"wp:term":[{"taxonomy":"category","embeddable":true,"href":"https:\/\/www.radiopresidenteibanez.cl\/web\/wp-json\/wp\/v2\/categories?post=1980"},{"taxonomy":"post_tag","embeddable":true,"href":"https:\/\/www.radiopresidenteibanez.cl\/web\/wp-json\/wp\/v2\/tags?post=1980"}],"curies":[{"name":"wp","href":"https:\/\/api.w.org\/{rel}","templated":true}]}}