{"id":19790,"date":"2021-04-07T02:30:00","date_gmt":"2021-04-07T02:30:00","guid":{"rendered":"https:\/\/www.radiopresidenteibanez.cl\/web\/?p=19790"},"modified":"2021-04-06T22:34:19","modified_gmt":"2021-04-06T22:34:19","slug":"llaman-a-mas-pymes-magallanicas-a-sumarse-al-uso-de-visor-creado-por-bienes-nacionales","status":"publish","type":"post","link":"https:\/\/www.radiopresidenteibanez.cl\/web\/llaman-a-mas-pymes-magallanicas-a-sumarse-al-uso-de-visor-creado-por-bienes-nacionales\/","title":{"rendered":"LLAMAN A M\u00c1S PYMES MAGALL\u00c1NICAS A SUMARSE AL USO DE VISOR CREADO POR BIENES NACIONALES"},"content":{"rendered":"\n<p>Treinta y tres pymes de la regi\u00f3n ya est\u00e1n\nusando el Visor\nPymes de Barrio (<a href=\"http:\/\/www.pymesdebarrio.cl\">www.pymesdebarrio.cl<\/a>) en un contexto de combate nacional y diario\ncontra el Corona Virus. La cifra fue dada a conocer por el subsecretario de\neconom\u00eda, Julio Pertuz\u00e9 y el subsecretario de Bienes Nacionales, \u00c1lvaro Pillado\ncon la idea invitar a las personas hacer las compras, privilegiando los\nnegocios que se puedan encontrar en un radio de tres kil\u00f3metros, apoyando as\u00ed a\nreducir la movilidad de las personas. <\/p>\n\n\n\n<p>Pymes\nde Barrio es una plataforma web creada por el ministerio de Bienes Nacionales\nque se suma al esfuerzo y trabajo colaborativo junto&nbsp; su par de Econom\u00eda, Fomento y Turismo por\npotenciar a los emprendedores de nuestro pa\u00eds. <\/p>\n\n\n\n<p>La\nseremi de Bienes Nacionales, Francisca Rojas con Mar\u00eda Jos\u00e9 Pinochet su hermano\nCristian y Marcela Gonz\u00e1lez, emprendedores del local de ventas de alimentos al\ngramo \u00abScoop\u00bb, respald\u00f3 la visi\u00f3n del subsecretario Pillado en cuanto\na que las peque\u00f1as y medianas empresas le han puesto el hombro a las\ndificultades que ha implicado la pandemia y en este sentido, el Visor es una\noportunidad para potenciar los diferentes emprendimientos a trav\u00e9s del\nfortalecimiento digital y con ello, las ventas online.<\/p>\n\n\n\n<p>\u00abQueremos\ngeoreferenciar informaci\u00f3n de las pymes que est\u00e1n en la regi\u00f3n e invitar a los\nvecinos y vecinas&nbsp; a que la usen, con la\nidea es disminuir el movimiento y traslado de las personas en caso de bajar de\nfase y tener que potenciar los delivery\u00bb.<\/p>\n\n\n\n<p>Mar\u00eda\nJos\u00e9 Pinochet se\u00f1al\u00f3 que la empresa bifamiliar apost\u00f3 por la aplicaci\u00f3n web de\nBienes Nacionales \u00abporque, entre otras razones, se alinea con el sentido\nque dio origen a nuestro negocio y porque, m\u00e1s all\u00e1 de los megapuntos de\nconsumo, tales como los mall y supermercados, est\u00e1n los locales de barrio,\nlugares donde las personas nos reconocen, los conocemos, podemos conversar y\naportar ambientalmente, disminuyendo la huella de carbono, con menos\nrecorridos, menos estr\u00e9s y menos tiempo perdido\u00bb.<\/p>\n\n\n\n<p><strong>\u00bfC\u00f3mo funciona?<\/strong><\/p>\n\n\n\n<p>La seremi Francisca\nRojas explic\u00f3 que Pymes de Barrio es una p\u00e1gina f\u00e1cil de usar. \u00abAl\ningresar hay dos maneras de identificar el negocio que estamos buscando. Una es\ncon el asistente virtual, un robot que est\u00e1 disponible todos los d\u00edas y a todo horario.\nLa otra manera es la b\u00fasqueda georreferencial, la que permite identificar el\nlugar en que la persona se encuentra y acceder a todas las tiendas ubicadas en\nun radio de tres kil\u00f3metros\u00bb. <\/p>\n\n\n\n<p>Al encontrar la\npyme, la p\u00e1gina entrega toda la informaci\u00f3n para poder contactarla, direcci\u00f3n,\ntel\u00e9fono, p\u00e1gina web, redes sociales, tipo de pago y despacho en caso de\nsistema delivery\u00bb destac\u00f3.<\/p>\n\n\n\n<p><strong>\u00bfC\u00f3mo registrarse?<\/strong><\/p>\n\n\n\n<p>Para registrase en el visor se debe contar con inicio de actividades frente\nal SII, ofrecer despacho o un punto de retiro de la mercader\u00eda, disponer de\nventa y pago en l\u00ednea, una &nbsp;p\u00e1gina web o\nredes sociales con cat\u00e1logo de los productos o servicios que vende y un tel\u00e9fono\nde contacto o WhatsApp.<\/p>\n","protected":false},"excerpt":{"rendered":"<p>Treinta y tres pymes de la regi\u00f3n ya est\u00e1n usando el Visor Pymes de Barrio (www.pymesdebarrio.cl) en un contexto de combate nacional y diario contra el Corona Virus. La cifra&#8230; <a class=\"read-more\" href=\"https:\/\/www.radiopresidenteibanez.cl\/web\/llaman-a-mas-pymes-magallanicas-a-sumarse-al-uso-de-visor-creado-por-bienes-nacionales\/\">Leer m\u00e1s<\/a><\/p>\n","protected":false},"author":2,"featured_media":19791,"comment_status":"closed","ping_status":"closed","sticky":false,"template":"","format":"standard","meta":{"footnotes":""},"categories":[1],"tags":[],"class_list":["post-19790","post","type-post","status-publish","format-standard","has-post-thumbnail","hentry","category-cronica"],"_links":{"self":[{"href":"https:\/\/www.radiopresidenteibanez.cl\/web\/wp-json\/wp\/v2\/posts\/19790","targetHints":{"allow":["GET"]}}],"collection":[{"href":"https:\/\/www.radiopresidenteibanez.cl\/web\/wp-json\/wp\/v2\/posts"}],"about":[{"href":"https:\/\/www.radiopresidenteibanez.cl\/web\/wp-json\/wp\/v2\/types\/post"}],"author":[{"embeddable":true,"href":"https:\/\/www.radiopresidenteibanez.cl\/web\/wp-json\/wp\/v2\/users\/2"}],"replies":[{"embeddable":true,"href":"https:\/\/www.radiopresidenteibanez.cl\/web\/wp-json\/wp\/v2\/comments?post=19790"}],"version-history":[{"count":0,"href":"https:\/\/www.radiopresidenteibanez.cl\/web\/wp-json\/wp\/v2\/posts\/19790\/revisions"}],"wp:featuredmedia":[{"embeddable":true,"href":"https:\/\/www.radiopresidenteibanez.cl\/web\/wp-json\/wp\/v2\/media\/19791"}],"wp:attachment":[{"href":"https:\/\/www.radiopresidenteibanez.cl\/web\/wp-json\/wp\/v2\/media?parent=19790"}],"wp:term":[{"taxonomy":"category","embeddable":true,"href":"https:\/\/www.radiopresidenteibanez.cl\/web\/wp-json\/wp\/v2\/categories?post=19790"},{"taxonomy":"post_tag","embeddable":true,"href":"https:\/\/www.radiopresidenteibanez.cl\/web\/wp-json\/wp\/v2\/tags?post=19790"}],"curies":[{"name":"wp","href":"https:\/\/api.w.org\/{rel}","templated":true}]}}