{"id":19787,"date":"2021-04-07T02:15:00","date_gmt":"2021-04-07T02:15:00","guid":{"rendered":"https:\/\/www.radiopresidenteibanez.cl\/web\/?p=19787"},"modified":"2021-04-06T22:31:40","modified_gmt":"2021-04-06T22:31:40","slug":"municipio-de-punta-arenas-abre-inscripciones-para-37-talleres-culturales-online","status":"publish","type":"post","link":"https:\/\/www.radiopresidenteibanez.cl\/web\/municipio-de-punta-arenas-abre-inscripciones-para-37-talleres-culturales-online\/","title":{"rendered":"MUNICIPIO DE PUNTA ARENAS ABRE INSCRIPCIONES PARA 37 TALLERES CULTURALES ONLINE"},"content":{"rendered":"\n<p>37 alternativas distintas, todas con un enfoque en las artes\ny la cultura y el beneficio que conllevan para el bienestar y la salud mental\nde la comunidad, han sido preparadas por el Municipio de Punta Arenas en el\nmarco de los talleres semestrales organizados desde la Direcci\u00f3n de Desarrollo\nComunitario, desde la Unidad de Cultura.<\/p>\n\n\n\n<p>Arte para ni\u00f1as y ni\u00f1os junto con la familia, Fotograf\u00eda del\nalma, Creaci\u00f3n y narraci\u00f3n de cuentos, Canto Popular y estudio de la relajaci\u00f3n\ncorporal, Teatro terapia y Yoga integral para principiantes, son s\u00f3lo algunas\nde las alternativas disponibles, las cuales se pueden encontrar en detalle en\nla Fanpage del Municipio de Punta Arenas.<\/p>\n\n\n\n<p>\u201cSabemos que el a\u00f1o 2020 fue un periodo muy complejo para la\ncomunidad de Punta Arenas, y por eso quisimos dar un nuevo enfoque a los\ntalleres culturales de este 2021, para que los asistentes pudieran acceder a\niniciativas que les permitan adquirir nuevos conocimientos, pero al mismo\ntiempo, que sean actividades que les ayuden a relajarse y a mantener el\nautocuidado\u201d, afirm\u00f3 la alcaldesa (S), Elena Blackwood.<\/p>\n\n\n\n<p>Las inscripciones estar\u00e1n abiertas hasta el 15 de abril o\nhasta que se acaben los cupos disponibles, que son 20 para cada taller.<\/p>\n\n\n\n<p>Todos los cursos son en modalidad online y los interesados\ndeben enviar un correo a cculturalinscripciones@e-puntaarenas.cl, indicando su\nnombre completo, edad, el curso en el que quieren participar y celular de\ncontacto.<\/p>\n","protected":false},"excerpt":{"rendered":"<p>37 alternativas distintas, todas con un enfoque en las artes y la cultura y el beneficio que conllevan para el bienestar y la salud mental de la comunidad, han sido&#8230; <a class=\"read-more\" href=\"https:\/\/www.radiopresidenteibanez.cl\/web\/municipio-de-punta-arenas-abre-inscripciones-para-37-talleres-culturales-online\/\">Leer m\u00e1s<\/a><\/p>\n","protected":false},"author":2,"featured_media":19788,"comment_status":"closed","ping_status":"closed","sticky":false,"template":"","format":"standard","meta":{"footnotes":""},"categories":[1],"tags":[],"class_list":["post-19787","post","type-post","status-publish","format-standard","has-post-thumbnail","hentry","category-cronica"],"_links":{"self":[{"href":"https:\/\/www.radiopresidenteibanez.cl\/web\/wp-json\/wp\/v2\/posts\/19787","targetHints":{"allow":["GET"]}}],"collection":[{"href":"https:\/\/www.radiopresidenteibanez.cl\/web\/wp-json\/wp\/v2\/posts"}],"about":[{"href":"https:\/\/www.radiopresidenteibanez.cl\/web\/wp-json\/wp\/v2\/types\/post"}],"author":[{"embeddable":true,"href":"https:\/\/www.radiopresidenteibanez.cl\/web\/wp-json\/wp\/v2\/users\/2"}],"replies":[{"embeddable":true,"href":"https:\/\/www.radiopresidenteibanez.cl\/web\/wp-json\/wp\/v2\/comments?post=19787"}],"version-history":[{"count":0,"href":"https:\/\/www.radiopresidenteibanez.cl\/web\/wp-json\/wp\/v2\/posts\/19787\/revisions"}],"wp:featuredmedia":[{"embeddable":true,"href":"https:\/\/www.radiopresidenteibanez.cl\/web\/wp-json\/wp\/v2\/media\/19788"}],"wp:attachment":[{"href":"https:\/\/www.radiopresidenteibanez.cl\/web\/wp-json\/wp\/v2\/media?parent=19787"}],"wp:term":[{"taxonomy":"category","embeddable":true,"href":"https:\/\/www.radiopresidenteibanez.cl\/web\/wp-json\/wp\/v2\/categories?post=19787"},{"taxonomy":"post_tag","embeddable":true,"href":"https:\/\/www.radiopresidenteibanez.cl\/web\/wp-json\/wp\/v2\/tags?post=19787"}],"curies":[{"name":"wp","href":"https:\/\/api.w.org\/{rel}","templated":true}]}}