{"id":19777,"date":"2021-04-06T15:47:13","date_gmt":"2021-04-06T15:47:13","guid":{"rendered":"https:\/\/www.radiopresidenteibanez.cl\/web\/?p=19777"},"modified":"2021-04-06T15:47:19","modified_gmt":"2021-04-06T15:47:19","slug":"seremi-de-transportes-y-telecomunicaciones-entrega-detalles-de-apoyo-solidario-para-transportistas","status":"publish","type":"post","link":"https:\/\/www.radiopresidenteibanez.cl\/web\/seremi-de-transportes-y-telecomunicaciones-entrega-detalles-de-apoyo-solidario-para-transportistas\/","title":{"rendered":"SEREMI DE TRANSPORTES Y TELECOMUNICACIONES ENTREGA DETALLES DE APOYO SOLIDARIO PARA TRANSPORTISTAS"},"content":{"rendered":"\n<p>\u201cAlrededor de 250 mil\npersonas en todo el pa\u00eds y cerca de 2 mil en nuestra regi\u00f3n son potenciales\nbeneficiarios del bono \u00fanico de apoyo de 500 mil pesos\u201d, se\u00f1al\u00f3 el seremi de Transportes y Telecomunicaciones Marco Mella al\nentregar detalles del nuevo bono y pr\u00e9stamo estatal solidario, contenidos en la\nRed de Protecci\u00f3n que contempla la Ley promulgada la tarde del lunes por el\nPresidente Sebasti\u00e1n Pi\u00f1era.<\/p>\n\n\n\n<p>\u201cLos\ntrabajadores del rubro de Transportes han registrado una baja importante de sus\ningresos durante este periodo de pandemia y tal como se ha informado, la Red de\nProtecci\u00f3n se robusteci\u00f3 y ampli\u00f3 con esta nueva ley\u201d, dijo por su parte la\nIntendenta de la regi\u00f3n de Magallanes y de la Ant\u00e1rtica <br>\nChilena Jennifer Rojas. \u201cEs importante destacar que este bono cubre al\nmicroempresario y a un conductor por veh\u00edculo\u201d, agreg\u00f3.<\/p>\n\n\n\n<p>El bono \u00fanico de apoyo de\n$500.000 podr\u00e1 ser solicitado por conductores, propietarios y representantes\nlegales de taxis b\u00e1sicos, taxicolectivos,\nejecutivos y de turismo; buses y minibuses urbanos y rurales, y furgones\nescolares. Mella precis\u00f3 que de los potenciales beneficiados del\nbono \u00fanico de apoyo en la regi\u00f3n alrededor de 1.500 son propietarios, quienes\nadem\u00e1s podr\u00e1n solicitar el pr\u00e9stamo estatal solidario.<\/p>\n\n\n\n<p>Este \u00faltimo consiste en un monto\nfijo de $320.500 cada cuota, el que podr\u00e1 ser solicitado por los propietarios\nde los veh\u00edculos por hasta tres ocasiones, las primeras dos entre el 15 abril y\nel 15 de julio, mientras que la tercera entre el 1 de septiembre y el 31 de diciembre\ndel 2021. Dicho pr\u00e9stamo deber\u00e1 ser restituido sin intereses, s\u00f3lo con\nreajuste, a partir de abril del a\u00f1o 2022, en cuotas mensuales de igual valor,\ndeterminadas en UF y bajo un convenio de pago con la Tesorer\u00eda General de la\nRep\u00fablica. <\/p>\n\n\n\n<p>\u201cEsta iniciativa en el \u00e1rea de\nTransportes involucra una inversi\u00f3n fiscal de 118 millones de d\u00f3lares, que es\nun esfuerzo importante, que sabemos es muy esperado por los trabajadores y sus\nfamilias\u201d, se\u00f1al\u00f3 la intendenta regional.<\/p>\n\n\n\n<p>El bono y el pr\u00e9stamo ser\u00e1n\ncompatibles con los dem\u00e1s beneficios otorgados con motivo de la pandemia, con\nexcepci\u00f3n de los beneficios de Bono Clase Media y Pr\u00e9stamo Solidario\nestablecidos en la ley. Adem\u00e1s, en el caso de que la persona o su grupo\nfamiliar, haya sido beneficiada con el Ingreso Familiar de Emergencia (IFE),\npor los meses de enero y febrero del 2021, se le descontar\u00e1n del bono de apoyo\nlo recibido de forma individual y no el total del beneficio se\u00f1alado\nanteriormente.&nbsp; <\/p>\n\n\n\n<p>Para que las personas puedan\npostular, el MTT implementar\u00e1 dentro de los pr\u00f3ximos d\u00edas una plataforma\ndigital a trav\u00e9s de la cual se podr\u00e1 solicitar tanto el bono como el pr\u00e9stamo,\nla que estar\u00e1 contenida en la p\u00e1gina <a href=\"http:\/\/www.mtt.gob.cl\">www.mtt.gob.cl<\/a>.\n<\/p>\n\n\n\n<p><strong>Balance regional<\/strong><\/p>\n\n\n\n<p>El anuncio realizado, se\nsuma a los beneficios ya otorgados al sector desde el inicio de la pandemia. En\nel caso del bono \u00fanico de apoyo de $350.000, el proceso de postulaci\u00f3n comenz\u00f3\nen septiembre del 2020 y dur\u00f3 hasta el 14 de febrero pasado. En ese periodo,\n2.353 personas postularon al beneficio en la regi\u00f3n de Magallanes y de la\nAnt\u00e1rtica Chilena siendo 1.589 personas los que lo obtuvieron. De ellos, 1.165\neran propietarios y 415 conductores y 9 representantes legales.<\/p>\n","protected":false},"excerpt":{"rendered":"<p>\u201cAlrededor de 250 mil personas en todo el pa\u00eds y cerca de 2 mil en nuestra regi\u00f3n son potenciales beneficiarios del bono \u00fanico de apoyo de 500 mil pesos\u201d, se\u00f1al\u00f3&#8230; <a class=\"read-more\" href=\"https:\/\/www.radiopresidenteibanez.cl\/web\/seremi-de-transportes-y-telecomunicaciones-entrega-detalles-de-apoyo-solidario-para-transportistas\/\">Leer m\u00e1s<\/a><\/p>\n","protected":false},"author":2,"featured_media":19778,"comment_status":"closed","ping_status":"closed","sticky":false,"template":"","format":"standard","meta":{"footnotes":""},"categories":[1],"tags":[],"class_list":["post-19777","post","type-post","status-publish","format-standard","has-post-thumbnail","hentry","category-cronica"],"_links":{"self":[{"href":"https:\/\/www.radiopresidenteibanez.cl\/web\/wp-json\/wp\/v2\/posts\/19777","targetHints":{"allow":["GET"]}}],"collection":[{"href":"https:\/\/www.radiopresidenteibanez.cl\/web\/wp-json\/wp\/v2\/posts"}],"about":[{"href":"https:\/\/www.radiopresidenteibanez.cl\/web\/wp-json\/wp\/v2\/types\/post"}],"author":[{"embeddable":true,"href":"https:\/\/www.radiopresidenteibanez.cl\/web\/wp-json\/wp\/v2\/users\/2"}],"replies":[{"embeddable":true,"href":"https:\/\/www.radiopresidenteibanez.cl\/web\/wp-json\/wp\/v2\/comments?post=19777"}],"version-history":[{"count":0,"href":"https:\/\/www.radiopresidenteibanez.cl\/web\/wp-json\/wp\/v2\/posts\/19777\/revisions"}],"wp:featuredmedia":[{"embeddable":true,"href":"https:\/\/www.radiopresidenteibanez.cl\/web\/wp-json\/wp\/v2\/media\/19778"}],"wp:attachment":[{"href":"https:\/\/www.radiopresidenteibanez.cl\/web\/wp-json\/wp\/v2\/media?parent=19777"}],"wp:term":[{"taxonomy":"category","embeddable":true,"href":"https:\/\/www.radiopresidenteibanez.cl\/web\/wp-json\/wp\/v2\/categories?post=19777"},{"taxonomy":"post_tag","embeddable":true,"href":"https:\/\/www.radiopresidenteibanez.cl\/web\/wp-json\/wp\/v2\/tags?post=19777"}],"curies":[{"name":"wp","href":"https:\/\/api.w.org\/{rel}","templated":true}]}}