{"id":19771,"date":"2021-04-06T15:31:45","date_gmt":"2021-04-06T15:31:45","guid":{"rendered":"https:\/\/www.radiopresidenteibanez.cl\/web\/?p=19771"},"modified":"2021-04-06T15:31:50","modified_gmt":"2021-04-06T15:31:50","slug":"autoridades-regionales-dieron-el-vamos-a-campana-de-vacunacion-contra-la-influenza-2021","status":"publish","type":"post","link":"https:\/\/www.radiopresidenteibanez.cl\/web\/autoridades-regionales-dieron-el-vamos-a-campana-de-vacunacion-contra-la-influenza-2021\/","title":{"rendered":"AUTORIDADES REGIONALES DIERON EL VAMOS A CAMPA\u00d1A DE VACUNACI\u00d3N CONTRA LA INFLUENZA 2021"},"content":{"rendered":"\n<p>En\nla Escuela 18 de Septiembre se realiz\u00f3 el lanzamiento de la Campa\u00f1a de\nVacunaci\u00f3n Contra la Influenza, actividad que el d\u00eda de hoy se inici\u00f3 con la\ninoculaci\u00f3n de las personas mayores de 90 a\u00f1os, embarazadas con m\u00e1s de 33\nsemanas de gestaci\u00f3n y personal de salud regional. <\/p>\n\n\n\n<p>Estuvieron\npresente en la jornada el Gobernador de Magallanes, Alejandro V\u00e1squez; el\nSeremi (s) de Salud Eduardo Castillo, el Director (s) del Servicio de Salud\nMagallanes, Marcelo Torres, la Alcaldesa (S) de Punta Arenas, Elena Blackwood y\nla Jefa del \u00c1rea Salud de la Corporaci\u00f3n Municipal, Rosa Bidart, autoridades\nque acompa\u00f1aron a la Sra. Raquel Ulloa de 98 a\u00f1os y Navia L\u00f3pez, enfermera de\nAtenci\u00f3n Primaria, durante su vacunaci\u00f3n. <\/p>\n\n\n\n<p>La\ncampa\u00f1a de vacunaci\u00f3n contra la influenza tiene como objetivo inmunizar de\nforma gratuita a embarazadas; personas mayores de 65 a\u00f1os; ni\u00f1os desde los 6\nmeses hasta los 10 a\u00f1os (5\u00b0B\u00e1sico), enfermos cr\u00f3nicos y otros grupos\nprioritarios. <\/p>\n\n\n\n<p>Este\na\u00f1o, la planificaci\u00f3n de la campa\u00f1a de vacunaci\u00f3n contra la Influenza se hizo\nen estrecha coordinaci\u00f3n con el proceso masivo de inmunizaci\u00f3n contra el\nCovid-19 que se mantiene en marcha.&nbsp; Es\nmuy importante tener claridad que la Influenza y el COVID-19 son enfermedades\ndistintas, que requieren de vacunas diferentes.<\/p>\n\n\n\n<p>Al\nrespecto el Seremi (s) de Salud, Eduardo Castillo se\u00f1al\u00f3 que: \u201cEl lugar de\nvacunaci\u00f3n en Punta Arenas es la Escuela 18 de Septiembre, mientras que en el\nresto de las comunas de Magallanes, los lugares son los puntos de vacunaci\u00f3n\nhabituales donde se vacuna contra Covid-19; ya sea hospitales comunitarios,\nCesfam o postas rurales. Lo importante es evitar las aglomeraciones y seguir\ncon las mismas medidas que han funcionado en la campa\u00f1a de vacunaci\u00f3n contra\nCovid-19, que no sea un riesgo participar del proceso de vacunaci\u00f3n. Esperamos\nllegar a 70 mil personas vacunadas en toda la regi\u00f3n durante el tiempo que dure\nesta campa\u00f1a\u201d.<\/p>\n\n\n\n<p>En\ntanto, la Alcaldesa (s) Elena Blackwood agreg\u00f3 que: \u201cInvitamos a nuestros\nvecinos y vecinas a vacunarse. Sabemos que esta vacuna es para prevenir, mas\na\u00fan cuando estamos viviendo una pandemia del que todav\u00eda no podemos salir.\nInvitamos a todos quienes hayan cumplido con las dos vacunas contra Covid y\ndespu\u00e9s de 15 d\u00edas venir a este punto de vacunaci\u00f3n\u201d. <\/p>\n\n\n\n<p>Las\nautoridades de manera enf\u00e1tica se\u00f1alaron que es muy importante que la poblaci\u00f3n\nse vacune contra la influenza, ya que disminuye el riesgo de enfermar y evita\nlas graves complicaciones que pueden presentar las personas que se contagian.\nLa Influenza es una enfermedad muy contagiosa, que puede provocar casos graves\nque requieran de hospitalizaci\u00f3n. Cuando una persona se vacuna, se protege a s\u00ed\nmisma, pero tambi\u00e9n protege a su familia y su entorno. <\/p>\n\n\n\n<p>El\na\u00f1o pasado por las medidas de cuarenta y funcionamiento de las escuelas y\ncolegios v\u00eda remota, hubo pocos casos de influenza, pero ahora el escenario es\ndiferente y debemos estar preparados ya que, sin duda, hay mayor movilidad y\nlos estudiantes est\u00e1n volviendo progresivamente. Es por eso que es fundamental\nla participaci\u00f3n de la comunidad en esta campa\u00f1a.<\/p>\n\n\n\n<p>Finalmente,\nel Gobernador de Magallanes, Alejandro V\u00e1squez agreg\u00f3 que: \u201cHoy estamos dado\ninicio a la Campa\u00f1a de la Influenza 2021 y tal como lo dijo el Presidente de la\nRep\u00fablica esta ma\u00f1ana, es una oportunidad muy importante frente a los que\nestamos viviendo en la Pandemia Covid-19. Me han informado que ya llevamos m\u00e1s\nde 200 vacunados de los grupos objetivos de hoy: adultos mayores de 90 a\u00f1os y\nembarazadas mayor a 33 semanas de gestaci\u00f3n. <\/p>\n\n\n\n<p>\u00bfC\u00f3mo\nprevenir el contagio?<\/p>\n\n\n\n<p>\u2022&nbsp;&nbsp;&nbsp;&nbsp;&nbsp; Lavarse las manos de preferencia con jab\u00f3n\nl\u00edquido y secarlas en lo posible con toalla desechable de un uso. Uso de\nalcohol gel cuando no se pueda lavar las manos.<\/p>\n\n\n\n<p>\u2022&nbsp;&nbsp;&nbsp;&nbsp;&nbsp; Evitar el contacto con personas enfermas,\nsobre todo ni\u00f1os y adultos mayores.<\/p>\n\n\n\n<p>\u2022&nbsp;&nbsp;&nbsp;&nbsp;&nbsp; Taparse la boca y nariz al toser o\nestornudar con el antebrazo y no con la mano.<\/p>\n\n\n\n<p>\u2022&nbsp;&nbsp;&nbsp;&nbsp;&nbsp; Ventilar las habitaciones evitando\ncorrientes de aire, cambios bruscos de temperatura y permitir la entrada de luz\nsolar<\/p>\n\n\n\n<p>\u2022&nbsp;&nbsp;&nbsp;&nbsp;&nbsp; Realizar una vacunaci\u00f3n oportuna con\nvacuna Influenza <\/p>\n\n\n\n<p>\u2022&nbsp;&nbsp;&nbsp;&nbsp;&nbsp; Mantener el calendario de vacunas al d\u00eda\nen ni\u00f1os, embarazadas y adultos mayores.<\/p>\n\n\n\n<p>S\u00edntomas\nde Influenza <\/p>\n\n\n\n<p>\u2022&nbsp;&nbsp;&nbsp;&nbsp;&nbsp;  Inicio brusco, fiebre alta (sobre 38\ngrados) Dura entre 3 a 7 d\u00edas. <\/p>\n\n\n\n<p>\u2022&nbsp;&nbsp;&nbsp;&nbsp;&nbsp;  Cansancio o debilidad que pueden ser\nextremos, el cual en el caso de los adultos mayores se puede prolongar m\u00e1s all\u00e1\nde lo normal (dos a cinco d\u00edas).<\/p>\n\n\n\n<p>\u2022&nbsp;&nbsp;&nbsp;&nbsp;&nbsp;  Frecuentemente se presenta tambi\u00e9n\nromadizo o coriza.<\/p>\n\n\n\n<p>\u2022&nbsp;&nbsp;&nbsp;&nbsp;&nbsp;  Habitualmente dolor de cabeza en la zona\nfrontal o bien generalizada. <\/p>\n\n\n\n<p>\u2022&nbsp;&nbsp;&nbsp;&nbsp;&nbsp;  Es frecuente el dolor al tragar y la tos,\nel dolor muscular, el dolor a las articulaciones y la molestia frente a la luz,\ns\u00edntomas que pueden durar m\u00e1s de una semana. <\/p>\n\n\n\n<p>\u2022&nbsp;&nbsp;&nbsp;&nbsp;&nbsp;  En ocasiones pueden aparecer problemas estomacales\n(como n\u00e1useas, v\u00f3mitos y diarrea) y otitis, s\u00edntomas son m\u00e1s frecuentes en los\nni\u00f1os.<\/p>\n\n\n\n<p>La\ninfluenza puede descompensar enfermedades de base como, por ejemplo:\ninsuficiencia cardiaca, diabetes y otras. La dificultad para respirar es una de\nlas complicaciones m\u00e1s graves que se pueden presentar en los ni\u00f1os.<\/p>\n","protected":false},"excerpt":{"rendered":"<p>En la Escuela 18 de Septiembre se realiz\u00f3 el lanzamiento de la Campa\u00f1a de Vacunaci\u00f3n Contra la Influenza, actividad que el d\u00eda de hoy se inici\u00f3 con la inoculaci\u00f3n de&#8230; <a class=\"read-more\" href=\"https:\/\/www.radiopresidenteibanez.cl\/web\/autoridades-regionales-dieron-el-vamos-a-campana-de-vacunacion-contra-la-influenza-2021\/\">Leer m\u00e1s<\/a><\/p>\n","protected":false},"author":2,"featured_media":19772,"comment_status":"closed","ping_status":"closed","sticky":false,"template":"","format":"standard","meta":{"footnotes":""},"categories":[1],"tags":[],"class_list":["post-19771","post","type-post","status-publish","format-standard","has-post-thumbnail","hentry","category-cronica"],"_links":{"self":[{"href":"https:\/\/www.radiopresidenteibanez.cl\/web\/wp-json\/wp\/v2\/posts\/19771","targetHints":{"allow":["GET"]}}],"collection":[{"href":"https:\/\/www.radiopresidenteibanez.cl\/web\/wp-json\/wp\/v2\/posts"}],"about":[{"href":"https:\/\/www.radiopresidenteibanez.cl\/web\/wp-json\/wp\/v2\/types\/post"}],"author":[{"embeddable":true,"href":"https:\/\/www.radiopresidenteibanez.cl\/web\/wp-json\/wp\/v2\/users\/2"}],"replies":[{"embeddable":true,"href":"https:\/\/www.radiopresidenteibanez.cl\/web\/wp-json\/wp\/v2\/comments?post=19771"}],"version-history":[{"count":0,"href":"https:\/\/www.radiopresidenteibanez.cl\/web\/wp-json\/wp\/v2\/posts\/19771\/revisions"}],"wp:featuredmedia":[{"embeddable":true,"href":"https:\/\/www.radiopresidenteibanez.cl\/web\/wp-json\/wp\/v2\/media\/19772"}],"wp:attachment":[{"href":"https:\/\/www.radiopresidenteibanez.cl\/web\/wp-json\/wp\/v2\/media?parent=19771"}],"wp:term":[{"taxonomy":"category","embeddable":true,"href":"https:\/\/www.radiopresidenteibanez.cl\/web\/wp-json\/wp\/v2\/categories?post=19771"},{"taxonomy":"post_tag","embeddable":true,"href":"https:\/\/www.radiopresidenteibanez.cl\/web\/wp-json\/wp\/v2\/tags?post=19771"}],"curies":[{"name":"wp","href":"https:\/\/api.w.org\/{rel}","templated":true}]}}