{"id":1977,"date":"2019-03-07T13:12:37","date_gmt":"2019-03-07T13:12:37","guid":{"rendered":"http:\/\/www.radiopresidenteibanez.cl\/web\/?p=1977"},"modified":"2019-03-07T13:13:06","modified_gmt":"2019-03-07T13:13:06","slug":"gobernacion-de-magallanes-anuncia-nuevo-sistema-de-atencion-de-departamento-de-extranjeria-2","status":"publish","type":"post","link":"https:\/\/www.radiopresidenteibanez.cl\/web\/gobernacion-de-magallanes-anuncia-nuevo-sistema-de-atencion-de-departamento-de-extranjeria-2\/","title":{"rendered":"GOBERNACI\u00d3N DE MAGALLANES, ANUNCIA NUEVO SISTEMA DE ATENCI\u00d3N DE DEPARTAMENTO DE EXTRANJER\u00cdA"},"content":{"rendered":"\n<p>La nueva autoridad provincial,\nHomero Villegas, desde su llegada, se ha dedicado a conocer cada uno de los\nprocesos que se realizan bajo su administraci\u00f3n, en base a esto, decidi\u00f3\nimplementar algunas mejoras, con el objetivo de entregar respuestas m\u00e1s r\u00e1pidas\ny eficaces para cada uno de los habitantes de la provincia. Uno de los primeros\ndepartamentos que presentar\u00e1 modificaciones en su sistema de atenci\u00f3n, ser\u00e1 el\nDepartamento de Extranjer\u00eda.<\/p>\n\n\n\n<p>Desde el d\u00eda lunes 11 de marzo, ya\nno ser\u00e1 necesario retirar n\u00famero de atenci\u00f3n en la ma\u00f1ana, sino que podr\u00e1\nprogramarse el d\u00eda anterior, en este caso la atenci\u00f3n se programar\u00e1 el d\u00eda\nviernes 8 de marzo por la tarde, con el n\u00famero de pasaporte de la persona que\nse va a atender, para as\u00ed tener un proceso m\u00e1s ordenado y menos complejo que el\nque se vive cada ma\u00f1ana.<\/p>\n\n\n\n<p>Al respecto el Gobernador de\nMagallanes, Homero Villegas, explic\u00f3 que: \u201cactualmente, est\u00e1bamos entregando\nuna cierta cantidad de n\u00fameros de atenci\u00f3n diario, para asegurar la atenci\u00f3n\ncorrecta de todas las personas, pero esto se tradujo en que muchas personas llegaban\nmuy temprano para ser los primeros de la fila cuando comenzara la atenci\u00f3n, lo\ncual no nos parece adecuado, sobre todo por el clima que tiene nuestra regi\u00f3n.\nEs por esto, que las personas podr\u00e1n ir a la gobernaci\u00f3n para obtener su n\u00famero\nde atenci\u00f3n para el d\u00eda siguiente\u201d.<\/p>\n\n\n\n<p>Con esto, son varios los detalles\nque se pretende resolver, en primera instancia, que las personas no hagan filas\ny segundo, que las personas puedan programar sus tiempos de mejor manera.<\/p>\n\n\n\n<p>Desde el d\u00eda viernes 8 de marzo, la\ngobernaci\u00f3n entregar\u00e1 los n\u00fameros de atenci\u00f3n desde las 15:00 a las 17:00\nhoras, ocasi\u00f3n en la que cualquier persona puede realizar la reserva, s\u00f3lo\nnecesita tener el n\u00famero de pasaporte de la persona que realizar\u00e1 el tr\u00e1mite\noficial, asegurando as\u00ed, ambas partes, un proceso m\u00e1s ordenado y tranquilo.<\/p>\n\n\n\n<p><strong>Viaje a Santiago<\/strong><\/p>\n\n\n\n<p>La autoridad viaj\u00f3 este martes a\nSantiago, para sostener una serie de reuniones en el ministerio del Interior,\nentre las que destaca el Departamento Nacional de Extranjer\u00eda, en la que\nexpondr\u00e1 las inquietudes que le plante\u00f3 la comunidad migrante de Magallanes, ya\nque varios de los tr\u00e1mites que se solicitan a nivel local, se resuelven en el\nnivel central, como es el caso de los permisos de residencia definitiva. Este\ntr\u00e1mite hoy presenta algunos retrasos a lo largo de todo el pa\u00eds, por lo\ntratar\u00e1 de traer respuestas para quienes se encuentran a su espera.\nAprovechando la oportunidad, pidi\u00f3 paciencia a los migrantes para esperar sus\ndocumentos y para los empleadores, ya que es un proceso lento, el cual esperan\nsea agilizado en todo el pa\u00eds.<\/p>\n","protected":false},"excerpt":{"rendered":"<p>La nueva autoridad provincial, Homero Villegas, desde su llegada, se ha dedicado a conocer cada uno de los procesos que se realizan bajo su administraci\u00f3n, en base a esto, decidi\u00f3&#8230; <a class=\"read-more\" href=\"https:\/\/www.radiopresidenteibanez.cl\/web\/gobernacion-de-magallanes-anuncia-nuevo-sistema-de-atencion-de-departamento-de-extranjeria-2\/\">Leer m\u00e1s<\/a><\/p>\n","protected":false},"author":2,"featured_media":1953,"comment_status":"closed","ping_status":"closed","sticky":false,"template":"","format":"standard","meta":{"footnotes":""},"categories":[1],"tags":[],"class_list":["post-1977","post","type-post","status-publish","format-standard","has-post-thumbnail","hentry","category-cronica"],"_links":{"self":[{"href":"https:\/\/www.radiopresidenteibanez.cl\/web\/wp-json\/wp\/v2\/posts\/1977","targetHints":{"allow":["GET"]}}],"collection":[{"href":"https:\/\/www.radiopresidenteibanez.cl\/web\/wp-json\/wp\/v2\/posts"}],"about":[{"href":"https:\/\/www.radiopresidenteibanez.cl\/web\/wp-json\/wp\/v2\/types\/post"}],"author":[{"embeddable":true,"href":"https:\/\/www.radiopresidenteibanez.cl\/web\/wp-json\/wp\/v2\/users\/2"}],"replies":[{"embeddable":true,"href":"https:\/\/www.radiopresidenteibanez.cl\/web\/wp-json\/wp\/v2\/comments?post=1977"}],"version-history":[{"count":0,"href":"https:\/\/www.radiopresidenteibanez.cl\/web\/wp-json\/wp\/v2\/posts\/1977\/revisions"}],"wp:featuredmedia":[{"embeddable":true,"href":"https:\/\/www.radiopresidenteibanez.cl\/web\/wp-json\/wp\/v2\/media\/1953"}],"wp:attachment":[{"href":"https:\/\/www.radiopresidenteibanez.cl\/web\/wp-json\/wp\/v2\/media?parent=1977"}],"wp:term":[{"taxonomy":"category","embeddable":true,"href":"https:\/\/www.radiopresidenteibanez.cl\/web\/wp-json\/wp\/v2\/categories?post=1977"},{"taxonomy":"post_tag","embeddable":true,"href":"https:\/\/www.radiopresidenteibanez.cl\/web\/wp-json\/wp\/v2\/tags?post=1977"}],"curies":[{"name":"wp","href":"https:\/\/api.w.org\/{rel}","templated":true}]}}