{"id":19759,"date":"2021-04-05T16:36:53","date_gmt":"2021-04-05T16:36:53","guid":{"rendered":"https:\/\/www.radiopresidenteibanez.cl\/web\/?p=19759"},"modified":"2021-04-05T16:36:58","modified_gmt":"2021-04-05T16:36:58","slug":"millonaria-inversion-permitira-optimizar-el-servicio-de-recoleccion-de-las-aguas-servidas-que-genera-el-sector-sur-de-punta-arenas","status":"publish","type":"post","link":"https:\/\/www.radiopresidenteibanez.cl\/web\/millonaria-inversion-permitira-optimizar-el-servicio-de-recoleccion-de-las-aguas-servidas-que-genera-el-sector-sur-de-punta-arenas\/","title":{"rendered":"MILLONARIA INVERSI\u00d3N PERMITIR\u00c1 OPTIMIZAR EL SERVICIO DE RECOLECCI\u00d3N DE LAS AGUAS SERVIDAS QUE GENERA EL SECTOR SUR DE PUNTA ARENAS"},"content":{"rendered":"\n<p>En el marco de su plan de inversiones 2021, Aguas Magallanes entreg\u00f3 detalles sobre el proyecto de mejoramiento integral de la planta elevadora de aguas servidas, ubicada en el sector centro sur de Punta Arenas. La inversi\u00f3n, por sobre los $823 millones, impactar\u00e1 positivamente en el servicio de recolecci\u00f3n de las aguas servidas que genera el 45% de la ciudad, es decir, cerca de 63 mil habitantes del sector sur.<\/p>\n\n\n\n<p>Equipos de bombeo de mayor capacidad, la construcci\u00f3n de una nueva c\u00e1mara desarenadora y c\u00e1mara de rejas -cuya principal funci\u00f3n es retener los s\u00f3lidos de manera de evitar posibles obstrucciones con elementos perjudiciales para el sistema, como piedras, palos y trapos- y obras el\u00e9ctricas complementarias, son parte del mejoramiento integral.<\/p>\n\n\n\n<p>\u00abNos sentimos muy satisfechos de poder desarrollar estas inversiones principalmente pensadas en continuar mejorando el servicio que prestamos a la ciudad y en particular responder al crecimiento del sector sur de Punta Arenas. Pero adem\u00e1s, porque estas obras nos permitir\u00e1 estar mejor preparados para enfrentar los efectos del cambio clim\u00e1tico, que tambi\u00e9n tiene impacto en el servicio de recolecci\u00f3n de las aguas servidas\u00bb, destac\u00f3 Christian Adema Galetovic, gerente regional de Aguas Magallanes, quien invit\u00f3 a la comunidad a cuidar y hacer un buen uso del sistema de alcantarillado.<\/p>\n","protected":false},"excerpt":{"rendered":"<p>En el marco de su plan de inversiones 2021, Aguas Magallanes entreg\u00f3 detalles sobre el proyecto de mejoramiento integral de la planta elevadora de aguas servidas, ubicada en el sector&#8230; <a class=\"read-more\" href=\"https:\/\/www.radiopresidenteibanez.cl\/web\/millonaria-inversion-permitira-optimizar-el-servicio-de-recoleccion-de-las-aguas-servidas-que-genera-el-sector-sur-de-punta-arenas\/\">Leer m\u00e1s<\/a><\/p>\n","protected":false},"author":2,"featured_media":19760,"comment_status":"closed","ping_status":"closed","sticky":false,"template":"","format":"standard","meta":{"footnotes":""},"categories":[1],"tags":[],"class_list":["post-19759","post","type-post","status-publish","format-standard","has-post-thumbnail","hentry","category-cronica"],"_links":{"self":[{"href":"https:\/\/www.radiopresidenteibanez.cl\/web\/wp-json\/wp\/v2\/posts\/19759","targetHints":{"allow":["GET"]}}],"collection":[{"href":"https:\/\/www.radiopresidenteibanez.cl\/web\/wp-json\/wp\/v2\/posts"}],"about":[{"href":"https:\/\/www.radiopresidenteibanez.cl\/web\/wp-json\/wp\/v2\/types\/post"}],"author":[{"embeddable":true,"href":"https:\/\/www.radiopresidenteibanez.cl\/web\/wp-json\/wp\/v2\/users\/2"}],"replies":[{"embeddable":true,"href":"https:\/\/www.radiopresidenteibanez.cl\/web\/wp-json\/wp\/v2\/comments?post=19759"}],"version-history":[{"count":0,"href":"https:\/\/www.radiopresidenteibanez.cl\/web\/wp-json\/wp\/v2\/posts\/19759\/revisions"}],"wp:featuredmedia":[{"embeddable":true,"href":"https:\/\/www.radiopresidenteibanez.cl\/web\/wp-json\/wp\/v2\/media\/19760"}],"wp:attachment":[{"href":"https:\/\/www.radiopresidenteibanez.cl\/web\/wp-json\/wp\/v2\/media?parent=19759"}],"wp:term":[{"taxonomy":"category","embeddable":true,"href":"https:\/\/www.radiopresidenteibanez.cl\/web\/wp-json\/wp\/v2\/categories?post=19759"},{"taxonomy":"post_tag","embeddable":true,"href":"https:\/\/www.radiopresidenteibanez.cl\/web\/wp-json\/wp\/v2\/tags?post=19759"}],"curies":[{"name":"wp","href":"https:\/\/api.w.org\/{rel}","templated":true}]}}