{"id":19757,"date":"2021-04-05T16:21:38","date_gmt":"2021-04-05T16:21:38","guid":{"rendered":"https:\/\/www.radiopresidenteibanez.cl\/web\/?p=19757"},"modified":"2021-04-05T16:21:43","modified_gmt":"2021-04-05T16:21:43","slug":"karin-hueicha-mansilla-la-impulsora-y-gestora-de-los-laboratorios-publicos-de-biologia-molecular-en-magallanes","status":"publish","type":"post","link":"https:\/\/www.radiopresidenteibanez.cl\/web\/karin-hueicha-mansilla-la-impulsora-y-gestora-de-los-laboratorios-publicos-de-biologia-molecular-en-magallanes\/","title":{"rendered":"KARIN HUEICHA MANSILLA: LA IMPULSORA Y GESTORA DE  LOS LABORATORIOS P\u00daBLICOS DE BIOLOG\u00cdA MOLECULAR EN MAGALLANES"},"content":{"rendered":"\n<p>Corr\u00edan los primeros meses de\n2020 y Magallanes se preparaba para dar inicio al primer laboratorio P\u00fablico de\nBiolog\u00eda Molecular, que pudiera analizar muestras de PCR en el centro de\nreferencia de la pandemia del COVID-19 en la regi\u00f3n, el Hospital Cl\u00ednico de\nMagallanes. <\/p>\n\n\n\n<p>Fueron meses de arduo trabajo\nque, entre la coordinaci\u00f3n del Servicio de Salud Magallanes y la direcci\u00f3n del\nHospital Cl\u00ednico, finalmente se consiguieron los recursos y equipos para\niniciar una nueva traves\u00eda. <\/p>\n\n\n\n<p>Pero antes de poner en\nfuncionamiento dicho laboratorio, hubo una magall\u00e1nica que fue seleccionada para\ncapacitarse en el Instituto de Salud P\u00fablica (ISP), en Santiago, para que el\ncentro lograra obtener los certificados y la validaci\u00f3n correspondiente de los\nex\u00e1menes PCR. <\/p>\n\n\n\n<p>Es Karin Hueicha Mansilla, de 31\na\u00f1os que, como dice ella \u201creci\u00e9n cumplidos\u201d. Su infancia fue como la de\ncualquier ni\u00f1a magall\u00e1nica. Se form\u00f3 en la Escuela La Milagrosa donde estudi\u00f3\nla b\u00e1sica, luego, sus estudios secundarios los curs\u00f3 en el Liceo Juan Bautista\nContardi y para conseguir un t\u00edtulo profesional, se fue a estudiar a Valdivia,\npara egresar como tecn\u00f3loga m\u00e9dica de la Universidad Austral de Chile. <\/p>\n\n\n\n<p>Al titularse retorn\u00f3 a la ciudad\nque la vio crecer y formarse personal y profesionalmente, Punta Arenas, y\ndespu\u00e9s de eso, ya lleva seis a\u00f1os desempe\u00f1\u00e1ndose en el Centro de\nResponsabilidad de Laboratorio del Hospital Cl\u00ednico de Magallanes. <\/p>\n\n\n\n<p><strong>El certificado <\/strong><\/p>\n\n\n\n<p>Karin fue escogida por su\njefatura para capacitarse y certificarse en el ISP, para luego volver y\ndistribuir el conocimiento a sus compa\u00f1eros, primero, del Hospital Cl\u00ednico.\nLuego, ese conocimiento tambi\u00e9n fue adquirido por los funcionarios del Hospital\nDr. Augusto Essmann Burgos de Puerto Natales. <\/p>\n\n\n\n<p>\u201cEse momento fue una gran\nsorpresa para m\u00ed. Mi jefatura necesitaba a alguien que se capacitara y fui\nescogida. Ha sido un camino muy largo, pero me siento agradecida del desaf\u00edo\nque se me entreg\u00f3. Para poder obtener el certificado, fui al ISP a la Unidad de\nVirus Respiratorio para poder tener esta t\u00e9cnica en el laboratorio\u201d, explica\nKarin. <\/p>\n\n\n\n<p><strong>El agradecimiento y empuje de\nfamiliares y compa\u00f1eros<\/strong><\/p>\n\n\n\n<p>La profesional capacit\u00f3 a m\u00e1s de\n10 personas para que los laboratorios p\u00fablicos de la Regi\u00f3n de Magallanes\npudieran entregarle una respuesta oportuna a todas las personas que se\nrealizaban un examen de PCR. Respuesta, que ha logrado ser entregada en menos\nde 24 horas. <\/p>\n\n\n\n<p>\u201cHa sido muy satisfactorio llevar\neste proceso a cabo. Contar con el apoyo del Servicio de Salud y de los\ndirectivos del Hospital ha sido fabuloso. Logramos sacar adelante este\nlaboratorio y tener la t\u00e9cnica para nuestra regi\u00f3n, porque en un principio si\nbien las pruebas se analizaban en Santiago, era un proceso muy largo donde se\ndemoraban hasta 7 d\u00edas en la entregada de resultados. Ahora, tenemos un\ndiagn\u00f3stico en 24 horas y resolvemos, en primera instancia, los pacientes que\nson m\u00e1s urgentes\u201d, recalca Hueicha. <\/p>\n\n\n\n<p>Pero Karin reconoce que todo ese\nconocimiento no lo logr\u00f3 sola. Tiene muy en claro que el apoyo de sus\nfamiliares y de su novio ha sido fundamental para que ella sea la responsable\nde que Magallanes cuente con una gran red de laboratorios, pero tambi\u00e9n hace\nhincapi\u00e9 en todo el empuje y apa\u00f1e que han entregado sus compa\u00f1eros en un a\u00f1o\nde pandemia, muchos de ellos sin tomar descanso. <\/p>\n\n\n\n<p>\u201cMe siento muy orgullosa de mis\ncolegas. Ver que ellos tienen un compromiso real de poder ejercer en este\nlaboratorio y ayudar a que los magall\u00e1nicos logren tener un resultado en el\nmenor tiempo posible. Han sido tiempos dif\u00edciles, pero decir que contamos con\nuna red de laboratorios (4) y que dos son p\u00fablicos, es un orgullo. No\ncualquiera puede decir que tiene un Laboratorio de Biolog\u00eda Molecular, no es\nalgo f\u00e1cil de lograr y nosotros lo tenemos. Adem\u00e1s, estamos proyectando nuestro\nlaboratorio para realizar otro tipo de ex\u00e1menes, ampliar la cartera y evitar el\nan\u00e1lisis en el norte del pa\u00eds\u201d, precisa la magall\u00e1nica. <\/p>\n\n\n\n<p>Sin embargo, al estar en Fase 3 y\ncontar con una \u201clibertad\u201d los fines de semana que, desde hace mucho tiempo,\nMagallanes no viv\u00eda, la tecn\u00f3loga m\u00e9dica hace hincapi\u00e9 en algo fundamental para\nseguir adelante. <\/p>\n\n\n\n<p>\u201cS\u00edganse cuidando, quiz\u00e1s esto\n(pandemia) fue un tir\u00f3n de orejas, pero el mensaje es ese. Aunque hemos avanzado\nbastante en vacunaci\u00f3n y diagn\u00f3stico oportuno, todo est\u00e1 en nuestras manos.\nDepende de nosotros avanzar\u201d, finaliz\u00f3 la tecn\u00f3loga m\u00e9dica y magall\u00e1nica, Karin\nHueicha Mansilla. <\/p>\n","protected":false},"excerpt":{"rendered":"<p>Corr\u00edan los primeros meses de 2020 y Magallanes se preparaba para dar inicio al primer laboratorio P\u00fablico de Biolog\u00eda Molecular, que pudiera analizar muestras de PCR en el centro de&#8230; <a class=\"read-more\" href=\"https:\/\/www.radiopresidenteibanez.cl\/web\/karin-hueicha-mansilla-la-impulsora-y-gestora-de-los-laboratorios-publicos-de-biologia-molecular-en-magallanes\/\">Leer m\u00e1s<\/a><\/p>\n","protected":false},"author":2,"featured_media":14514,"comment_status":"closed","ping_status":"closed","sticky":false,"template":"","format":"standard","meta":{"footnotes":""},"categories":[1],"tags":[],"class_list":["post-19757","post","type-post","status-publish","format-standard","has-post-thumbnail","hentry","category-cronica"],"_links":{"self":[{"href":"https:\/\/www.radiopresidenteibanez.cl\/web\/wp-json\/wp\/v2\/posts\/19757","targetHints":{"allow":["GET"]}}],"collection":[{"href":"https:\/\/www.radiopresidenteibanez.cl\/web\/wp-json\/wp\/v2\/posts"}],"about":[{"href":"https:\/\/www.radiopresidenteibanez.cl\/web\/wp-json\/wp\/v2\/types\/post"}],"author":[{"embeddable":true,"href":"https:\/\/www.radiopresidenteibanez.cl\/web\/wp-json\/wp\/v2\/users\/2"}],"replies":[{"embeddable":true,"href":"https:\/\/www.radiopresidenteibanez.cl\/web\/wp-json\/wp\/v2\/comments?post=19757"}],"version-history":[{"count":0,"href":"https:\/\/www.radiopresidenteibanez.cl\/web\/wp-json\/wp\/v2\/posts\/19757\/revisions"}],"wp:featuredmedia":[{"embeddable":true,"href":"https:\/\/www.radiopresidenteibanez.cl\/web\/wp-json\/wp\/v2\/media\/14514"}],"wp:attachment":[{"href":"https:\/\/www.radiopresidenteibanez.cl\/web\/wp-json\/wp\/v2\/media?parent=19757"}],"wp:term":[{"taxonomy":"category","embeddable":true,"href":"https:\/\/www.radiopresidenteibanez.cl\/web\/wp-json\/wp\/v2\/categories?post=19757"},{"taxonomy":"post_tag","embeddable":true,"href":"https:\/\/www.radiopresidenteibanez.cl\/web\/wp-json\/wp\/v2\/tags?post=19757"}],"curies":[{"name":"wp","href":"https:\/\/api.w.org\/{rel}","templated":true}]}}