{"id":19735,"date":"2021-04-04T02:30:00","date_gmt":"2021-04-04T02:30:00","guid":{"rendered":"https:\/\/www.radiopresidenteibanez.cl\/web\/?p=19735"},"modified":"2021-04-02T17:49:54","modified_gmt":"2021-04-02T17:49:54","slug":"nacer-en-pandemia-un-testimonio-de-vida","status":"publish","type":"post","link":"https:\/\/www.radiopresidenteibanez.cl\/web\/nacer-en-pandemia-un-testimonio-de-vida\/","title":{"rendered":"\u201cNACER EN PANDEMIA\u201d: UN TESTIMONIO DE VIDA"},"content":{"rendered":"\n<p>A fines de abril\npasado, y con 37 semanas de embarazo, Daisy Gallardo esperaba con ansias la llegada\nde su primer beb\u00e9. El dolor de espalda que sent\u00eda en esos momentos lo atribu\u00eda\na su embarazo, por lo que en un inicio nunca pens\u00f3 que todo lo que ten\u00eda\nplanificado para la llegada de Martina no se iba a concretar. <\/p>\n\n\n\n<p>Despu\u00e9s de ser\ndiagnosticada con Covid-19, tuvo que ser internada de inmediato en sala de\nhospitalizaci\u00f3n debido a que presentaba neumon\u00eda por Covid-19, de un rato para\notro tuvo que someterse a una ces\u00e1rea de urgencia, momento en que el apego tuvo\nque ser suspendido por la gravedad de su cuadro. Martina ingres\u00f3 a neonatolog\u00eda\ny Daisy, estando su puerperio, fue ingresada a UCI donde un d\u00eda m\u00e1s tarde, tuvo\nque ser intubada por su complejo compromiso respiratorio, \u201cLo \u00fanico que\nrecuerdo es que me pusieron una m\u00e1scara que cubr\u00eda toda mi cara y el\nkinesi\u00f3logo le dice al doctor que eso no estaba funcionando. Me dicen que me\nvan a intubar y no me acuerdo m\u00e1s; estuve un mes en la UCI.&nbsp; Cuando pude salir de la ventilaci\u00f3n mec\u00e1nica,\nno pod\u00eda mantener mi cuello, no pod\u00eda moverme y tuve que de a poco, ir haciendo\nrehabilitaci\u00f3n\u201d, recuerda con emoci\u00f3n. <\/p>\n\n\n\n<p>Una vez dada de alta,\ny confirmado su estado negativo en test de PCR pudo reencontrarse con su hija\nMartina, que durante todo el proceso, estuvo bajo el cuidado de sus t\u00edos. \u201cUno\nnunca espera que va a pasar una situaci\u00f3n as\u00ed, durante mi hospitalizaci\u00f3n yo\nso\u00f1aba con la muerte de mi familia, no poder verlos, abrazarlos o besarlos.\nTem\u00ed no poder conocer a mi hija, fue terrible\u201d. <\/p>\n\n\n\n<p>Daisy inici\u00f3 un proceso de rehabilitaci\u00f3n,\natenci\u00f3n de hospitalizaci\u00f3n domiciliaria, seguimiento de matroner\u00eda y salud\nsexual que han permitido que ella y su peque\u00f1a hija est\u00e9n juntas y saludables.<\/p>\n\n\n\n<p>Lorena Navarro,\nMatrona Jefa (s) del Hospital Cl\u00ednico Magallanes cuenta que desde un inicio de\nla pandemia, se tuvieron que realizar protocolos m\u00e1s restrictivos para evitar\ncontagios en la Unidad de Maternidad, medidas que han sido aceptadas por las\nusuarias y sus familias, entendiendo que el \u00fanico fin es el resguardo del\nbinomio madre\/hijo. \u201cEn un principio el protocolo era muy estricto, no exist\u00eda\nacompa\u00f1amiento ni visitas y las usuarias covid positivo no pod\u00edan realizar el\napego con su reci\u00e9n nacido. Hoy, despu\u00e9s de un a\u00f1o, y gracias a estudios de\ninvestigaci\u00f3n, y el avance de fase de nuestra ciudad, la madre, una vez que da\na luz, se queda hospitalizada con su beb\u00e9 en una pieza individual hasta\nterminar su cuarentena y bajo todas las atenciones de matroner\u00eda\u201d.<\/p>\n\n\n\n<p>Una diferente\nexperiencia vivi\u00f3 Nicole Ojeda, quien con 36 semanas de embarazo dio positivo a\nCovid-19. En su caso, y con sintomatolog\u00eda leve, pudo dar a luz a Julieta por\nparto natural. No recibi\u00f3 visitas ni acompa\u00f1amiento, s\u00ed agradece el cuidado\nantes, durante y despu\u00e9s, una vez que fue dada de alta. \u201cMe llamaban dos veces\npor d\u00eda cuando estaba positiva, me preguntaban c\u00f3mo me sent\u00eda y me educaron en\nrelaci\u00f3n a los s\u00edntomas de preparto para saber cuando tenia que ir a hospital.\nDespu\u00e9s que me dieron de alta, tambi\u00e9n me realizaron seguimiento. Uno nunca\nespera que todo est\u00e9 coordinado\u201d, finaliz\u00f3. <\/p>\n\n\n\n<p><strong>Coordinaci\u00f3n de la red de salud sexual y\nreproductiva de Magallanes <\/strong><\/p>\n\n\n\n<p>El periodo de\ngestaci\u00f3n, postparto y puerperal, es un periodo transitorio especialmente\nsensible para las mujeres. Vivir esta etapa en tiempos de pandemia Covid-19\nprovoc\u00f3 un aumento de estr\u00e9s ante la angustia de vivir un proceso tan\nimportante con numerosas restricciones y con el medio natural respecto al\nbienestar personal y de la salud del hijo o hija que llega. Especialmente, al\nreducirse el poder del acompa\u00f1amiento de una atenci\u00f3n presencial de la red de\nsalud.<\/p>\n\n\n\n<p>&nbsp;&nbsp;&nbsp;&nbsp;&nbsp;&nbsp;&nbsp;\n&nbsp;&nbsp;&nbsp;&nbsp;&nbsp;Por ello, con la asistencia\nde la red de salud sexual y reproductiva, que abarca el sector p\u00fablico y\nprivada de Magallanes,&nbsp; Centros de Atenci\u00f3n\nPrimaria, Postas Rurales, Hospitales&nbsp;\ny&nbsp; Cl\u00ednicas Privadas, Hospital\nFF.AA desde pr\u00e1cticamente el inicio de la pandemia, se valid\u00f3&nbsp; la importancia del contacto telef\u00f3nico,&nbsp; las video llamadas&nbsp; y las visitsa domiciliarias,&nbsp; de acuerdo a las circunstancias de cada caso,\nintentando otorgar una escucha activa a necesidades y vivencias, facilitando\nlas condiciones para recuperarse y continuar su vida,&nbsp; asistiendo prioritariamente las&nbsp; demandas de las mujeres en atenci\u00f3n cl\u00ednica\ny\/o especializada, apoyando su salud mental, su seguridad social y necesidades\nb\u00e1sicas, mediante la coordinaci\u00f3n con todos los dispositivos disponibles de la\nred.<\/p>\n\n\n\n<p>Al respecto la\nMatrona Mar\u00eda Isabel Velich, Encargada del Programa Mujer de la Seremi de Salud\nMagallanes, se\u00f1al\u00f3 que: \u201cDesde el inicio de la pandemia, en marzo pasado, con\nla red regional de salud sexual y reproductiva y equipos de matroner\u00eda\nregional, desarrollamos en primera instancia una coordinaci\u00f3n v\u00eda telef\u00f3nica\npersonalizada para que las mujeres gestantes pudieran consultar, dado que no\nexist\u00eda forma de asistencia directa por la cuarentena que viv\u00edamos en ese\nentonces.&nbsp; Una vez que la gestante\npositiva era trazada, se realizaba un contacto telef\u00f3nico y un seguimiento\nposterior con respecto a su estado Covid-19, como tambi\u00e9n a su estado de salud\nde gestaci\u00f3n, temores o miedos, condiciones sociales y habitabilidad para\ncuarentena y sus controles posteriores en atenci\u00f3n primaria y secundario de\nacuerdo a sus patolog\u00edas\u201d. <\/p>\n\n\n\n<p>La coordinaci\u00f3n en\nred ha permitido que, desde marzo del 2020 al 31 de marzo de este a\u00f1o, 176\nmujeres gestantes positivas a Covid-19 hayan sido atendidas en todos los\naspectos de su situaci\u00f3n, adem\u00e1s&nbsp; 27 de\nellas pu\u00e9rperas de un total de 1.575 nacimientos que acontecieron durante este\na\u00f1o. Esta cifra, es equivalente al 1.85% del total de mujeres con Covid-19 de\nla regi\u00f3n.<\/p>\n\n\n\n<p>Si bien, la cifra puede ser menor, el impacto\ny la importancia de mancomunar todos los dispositivos p\u00fablicos\/privados para\ndar continuidad de atenci\u00f3n a mujeres gestantes, va en directa relaci\u00f3n con\nmantener pr\u00e1cticas y acompa\u00f1amientos que previo a la pandemia se realizaban de\nmanera presencial.<\/p>\n\n\n\n<p>&nbsp;\u201cA trav\u00e9s del equipo de matroner\u00eda de toda la\nred, se ha podido realizar la atenci\u00f3n directa para las consultas para cl\u00ednicas\nde lactancia, control de diada, visitas domiciliarias, y tambi\u00e9n coordinaci\u00f3n\nde todas las atenciones bajando el nivel de estr\u00e9s que provoca vivir una\npandemia, afortunadamente las mujeres agradecieron este tipo de atenci\u00f3n.&nbsp; Este es un trabajo que hemos mantenido a la\nfecha, cuidar y asesorar a las mujeres para tener una vida plena y un embarazo\nsaludable\u201d, coment\u00f3 Mar\u00eda Isabel Velich. <\/p>\n\n\n\n<p>En tanto, en relaci\u00f3n\na la atenci\u00f3n hospitalaria de la red y la importancia del apego entre el\nbinomio madre\/hijo, la matrona del Servicio de Salud Magallanes, Lorena\nRiquelme, explic\u00f3 que: \u201cAl principio tuvimos algunas dificultades que tienen\nque ver con readecuar espacios. Bien sabido es que esta es una enfermedad\nnueva, por lo que en un principio no hab\u00eda muchos lineamientos t\u00e9cnicos. En un\nprincipio los reci\u00e9n nacidos de madres con Covid19 fueron atendidos de manera\naislada, lo que despu\u00e9s pudo ser retomado muy r\u00e1pidamente, fomentando la\nlactancia materna en este grupo de personas, manteniendo el apego y haciendo\ntodo lo posible para poder mantener la cercan\u00eda que se requiere en este proceso\ntan espec\u00edfico y especial como es el puerperio\u201d.<\/p>\n\n\n\n<p>A su vez, en la\natenci\u00f3n en primaria (Cesfams- Cecosf), Fabiola Hern\u00e1ndez, matrona del \u00e1rea de\nsalud de la Corporaci\u00f3n Municipal de Punta Arenas, fue enf\u00e1tica en se\u00f1alar que:\n\u201cEl equipo de matroner\u00eda de atenci\u00f3n primaria ha estado dentro de la primera\nl\u00ednea de atenci\u00f3n en salud. Hemos reorganizado las atenciones desde el comienzo\nde la pandemia, de tal manera de poder seguir brindando la contenci\u00f3n y el\nacompa\u00f1amiento que tanto las gestantes positivas a Covid-19 y que las mujeres\nen general requirieron, la cual se otorg\u00f3 en distintas modalidades. \n\nDe esta forma, la atenci\u00f3n\nprimaria mantuvo el trabajo presencial y remoto para aquellas gestantes que\ncursaron su embarazo con un cuadro positivos de Covid o que fueron contactos\nestrechos de tal forma de poder dar continuidad de sus controles prenatales.\nAdem\u00e1s de mantener la red de atenci\u00f3n de mujeres en salud sexual, reproductiva\ny ginecol\u00f3gica. En esta labor trabajaron alrededor de 21 matronas, quienes en\nconjunto otorgaron m\u00e1s de 18.500 prestaciones de atenci\u00f3n primaria durante la\npandemia en Punta Arenas.\n\n\n\n<\/p>\n","protected":false},"excerpt":{"rendered":"<p>A fines de abril pasado, y con 37 semanas de embarazo, Daisy Gallardo esperaba con ansias la llegada de su primer beb\u00e9. El dolor de espalda que sent\u00eda en esos&#8230; <a class=\"read-more\" href=\"https:\/\/www.radiopresidenteibanez.cl\/web\/nacer-en-pandemia-un-testimonio-de-vida\/\">Leer m\u00e1s<\/a><\/p>\n","protected":false},"author":2,"featured_media":19736,"comment_status":"closed","ping_status":"closed","sticky":false,"template":"","format":"standard","meta":{"footnotes":""},"categories":[1],"tags":[],"class_list":["post-19735","post","type-post","status-publish","format-standard","has-post-thumbnail","hentry","category-cronica"],"_links":{"self":[{"href":"https:\/\/www.radiopresidenteibanez.cl\/web\/wp-json\/wp\/v2\/posts\/19735","targetHints":{"allow":["GET"]}}],"collection":[{"href":"https:\/\/www.radiopresidenteibanez.cl\/web\/wp-json\/wp\/v2\/posts"}],"about":[{"href":"https:\/\/www.radiopresidenteibanez.cl\/web\/wp-json\/wp\/v2\/types\/post"}],"author":[{"embeddable":true,"href":"https:\/\/www.radiopresidenteibanez.cl\/web\/wp-json\/wp\/v2\/users\/2"}],"replies":[{"embeddable":true,"href":"https:\/\/www.radiopresidenteibanez.cl\/web\/wp-json\/wp\/v2\/comments?post=19735"}],"version-history":[{"count":0,"href":"https:\/\/www.radiopresidenteibanez.cl\/web\/wp-json\/wp\/v2\/posts\/19735\/revisions"}],"wp:featuredmedia":[{"embeddable":true,"href":"https:\/\/www.radiopresidenteibanez.cl\/web\/wp-json\/wp\/v2\/media\/19736"}],"wp:attachment":[{"href":"https:\/\/www.radiopresidenteibanez.cl\/web\/wp-json\/wp\/v2\/media?parent=19735"}],"wp:term":[{"taxonomy":"category","embeddable":true,"href":"https:\/\/www.radiopresidenteibanez.cl\/web\/wp-json\/wp\/v2\/categories?post=19735"},{"taxonomy":"post_tag","embeddable":true,"href":"https:\/\/www.radiopresidenteibanez.cl\/web\/wp-json\/wp\/v2\/tags?post=19735"}],"curies":[{"name":"wp","href":"https:\/\/api.w.org\/{rel}","templated":true}]}}