{"id":1973,"date":"2019-03-07T13:05:59","date_gmt":"2019-03-07T13:05:59","guid":{"rendered":"http:\/\/www.radiopresidenteibanez.cl\/web\/?p=1973"},"modified":"2019-03-07T13:06:17","modified_gmt":"2019-03-07T13:06:17","slug":"iva-brigada-aerea-realizo-operativo-de-limpieza-en-sector-costero-de-punta-arenas","status":"publish","type":"post","link":"https:\/\/www.radiopresidenteibanez.cl\/web\/iva-brigada-aerea-realizo-operativo-de-limpieza-en-sector-costero-de-punta-arenas\/","title":{"rendered":"IVa BRIGADA A\u00c9REA REALIZ\u00d3 OPERATIVO DE LIMPIEZA EN SECTOR COSTERO DE PUNTA ARENAS"},"content":{"rendered":"\n<p>En el\nmarco de las actividades conmemorativas del 89\u00b0 Aniversario de la Fuerza A\u00e9rea\nde Chile, personal de la Cuarta Brigada A\u00e9rea, desarroll\u00f3 un operativo de\nlimpieza en el sector costero de Punta Arenas, dicha actividad consisti\u00f3 en el\nretiro de escombros, desechos y basura de los alrededores de Bah\u00eda Catalina y de\nla Costanera del Estrecho.<\/p>\n\n\n\n<p>De acuerdo a lo se\u00f1alado por el jefe de Relaciones P\u00fablicas de la IV<sup>a<\/sup> Brigada A\u00e9rea Capit\u00e1n de Bandada (A) Cristian Arenas, alrededor de 100 uniformados participaron en las labores de limpieza, contribuyendo de esta forma a la pol\u00edtica ambiental de Chile que busca hacer ambientalmente sustentable el propio proceso de desarrollo, velando por el derecho a vivir en un ambiente libre de contaminaci\u00f3n, protegiendo el medio ambiente, preservando la naturaleza y conservando el patrimonio ambiental para las futuras generaciones. <\/p>\n\n\n\n<ul class=\"wp-block-gallery columns-2 is-cropped wp-block-gallery-1 is-layout-flex wp-block-gallery-is-layout-flex\"><li class=\"blocks-gallery-item\"><figure><img loading=\"lazy\" decoding=\"async\" width=\"900\" height=\"596\" src=\"https:\/\/www.radiopresidenteibanez.cl\/web\/wp-content\/uploads\/2019\/03\/1-1.jpg\" alt=\"\" data-id=\"1974\" data-link=\"https:\/\/www.radiopresidenteibanez.cl\/web\/?attachment_id=1974\" class=\"wp-image-1974\" srcset=\"https:\/\/www.radiopresidenteibanez.cl\/web\/wp-content\/uploads\/2019\/03\/1-1.jpg 900w, https:\/\/www.radiopresidenteibanez.cl\/web\/wp-content\/uploads\/2019\/03\/1-1-300x199.jpg 300w, https:\/\/www.radiopresidenteibanez.cl\/web\/wp-content\/uploads\/2019\/03\/1-1-768x509.jpg 768w\" sizes=\"auto, (max-width: 900px) 100vw, 900px\" \/><\/figure><\/li><li class=\"blocks-gallery-item\"><figure><img loading=\"lazy\" decoding=\"async\" width=\"900\" height=\"581\" src=\"https:\/\/www.radiopresidenteibanez.cl\/web\/wp-content\/uploads\/2019\/03\/2-2.jpg\" alt=\"\" data-id=\"1975\" data-link=\"https:\/\/www.radiopresidenteibanez.cl\/web\/?attachment_id=1975\" class=\"wp-image-1975\" srcset=\"https:\/\/www.radiopresidenteibanez.cl\/web\/wp-content\/uploads\/2019\/03\/2-2.jpg 900w, https:\/\/www.radiopresidenteibanez.cl\/web\/wp-content\/uploads\/2019\/03\/2-2-300x194.jpg 300w, https:\/\/www.radiopresidenteibanez.cl\/web\/wp-content\/uploads\/2019\/03\/2-2-768x496.jpg 768w\" sizes=\"auto, (max-width: 900px) 100vw, 900px\" \/><\/figure><\/li><\/ul>\n","protected":false},"excerpt":{"rendered":"<p>En el marco de las actividades conmemorativas del 89\u00b0 Aniversario de la Fuerza A\u00e9rea de Chile, personal de la Cuarta Brigada A\u00e9rea, desarroll\u00f3 un operativo de limpieza en el sector&#8230; <a class=\"read-more\" href=\"https:\/\/www.radiopresidenteibanez.cl\/web\/iva-brigada-aerea-realizo-operativo-de-limpieza-en-sector-costero-de-punta-arenas\/\">Leer m\u00e1s<\/a><\/p>\n","protected":false},"author":2,"featured_media":1975,"comment_status":"closed","ping_status":"closed","sticky":false,"template":"","format":"standard","meta":{"footnotes":""},"categories":[1],"tags":[],"class_list":["post-1973","post","type-post","status-publish","format-standard","has-post-thumbnail","hentry","category-cronica"],"_links":{"self":[{"href":"https:\/\/www.radiopresidenteibanez.cl\/web\/wp-json\/wp\/v2\/posts\/1973","targetHints":{"allow":["GET"]}}],"collection":[{"href":"https:\/\/www.radiopresidenteibanez.cl\/web\/wp-json\/wp\/v2\/posts"}],"about":[{"href":"https:\/\/www.radiopresidenteibanez.cl\/web\/wp-json\/wp\/v2\/types\/post"}],"author":[{"embeddable":true,"href":"https:\/\/www.radiopresidenteibanez.cl\/web\/wp-json\/wp\/v2\/users\/2"}],"replies":[{"embeddable":true,"href":"https:\/\/www.radiopresidenteibanez.cl\/web\/wp-json\/wp\/v2\/comments?post=1973"}],"version-history":[{"count":0,"href":"https:\/\/www.radiopresidenteibanez.cl\/web\/wp-json\/wp\/v2\/posts\/1973\/revisions"}],"wp:featuredmedia":[{"embeddable":true,"href":"https:\/\/www.radiopresidenteibanez.cl\/web\/wp-json\/wp\/v2\/media\/1975"}],"wp:attachment":[{"href":"https:\/\/www.radiopresidenteibanez.cl\/web\/wp-json\/wp\/v2\/media?parent=1973"}],"wp:term":[{"taxonomy":"category","embeddable":true,"href":"https:\/\/www.radiopresidenteibanez.cl\/web\/wp-json\/wp\/v2\/categories?post=1973"},{"taxonomy":"post_tag","embeddable":true,"href":"https:\/\/www.radiopresidenteibanez.cl\/web\/wp-json\/wp\/v2\/tags?post=1973"}],"curies":[{"name":"wp","href":"https:\/\/api.w.org\/{rel}","templated":true}]}}