{"id":19729,"date":"2021-04-04T02:00:00","date_gmt":"2021-04-04T02:00:00","guid":{"rendered":"https:\/\/www.radiopresidenteibanez.cl\/web\/?p=19729"},"modified":"2021-04-02T17:43:06","modified_gmt":"2021-04-02T17:43:06","slug":"director-s-ssm-marcelo-torres-saludo-y-reconocio-el-esfuerzo-de-funcionarios-de-salud-en-pandemia","status":"publish","type":"post","link":"https:\/\/www.radiopresidenteibanez.cl\/web\/director-s-ssm-marcelo-torres-saludo-y-reconocio-el-esfuerzo-de-funcionarios-de-salud-en-pandemia\/","title":{"rendered":"DIRECTOR (S) SSM MARCELO TORRES SALUD\u00d3 Y RECONOCI\u00d3  EL ESFUERZO DE FUNCIONARIOS DE SALUD EN PANDEMIA"},"content":{"rendered":"\n<p>Una visita a la Unidades de Paciente Cr\u00edtico de los establecimientos\nque componen la Red Integrada COVID-19 Magallanes, realiz\u00f3 el director (s) del\nServicio de Salud, Marcelo Torres Mendoza durante las \u00faltimas horas. <\/p>\n\n\n\n<p>El periplo tuvo como \u00fanico objetivo realizar un refuerzo positivo a los\nfuncionarios de salud que componen estas unidades que, desde hace un a\u00f1o y\nmuchas veces sin descanso, han estado al frente de la primera l\u00ednea. <\/p>\n\n\n\n<p>Hospital Cl\u00ednico de Magallanes, Hospital de las Fuerzas Armadas y\nCl\u00ednica RedSalud Magallanes, fueron los centros visitados por la autoridad,\nquien adem\u00e1s estuvo acompa\u00f1ado del subdirector de Gesti\u00f3n Asistencial, doctor\nCristian Cabrera.<\/p>\n\n\n\n<p>\u201cIniciando Semana Santa hemos recorrido los hospitales y centros\nasistenciales que componen la Red Integrada COVID-19 de Magallanes, entregando\nun especial saludo de nuestro subsecretario de Redes Asistenciales, Dr. Alberto\nDougnac, y ministro de Salud, Dr. Enrique Paris, agradeciendo el gran esfuerzo de\ncada persona de salud del \u00e1rea p\u00fablica y privada, que han logrado sostener esta\npandemia en Magallanes\u201d, indic\u00f3 el director (s), Marcelo Torres.<\/p>\n\n\n\n<p>La autoridad reforz\u00f3 que la regi\u00f3n ha estado entregando todo su apoyo a\nlas regiones que en este momento se encuentran con gran ocupaci\u00f3n de camas\ncr\u00edticas. Agregando que es fundamental, continuar con las medidas b\u00e1sicas de\nprotecci\u00f3n personal; uso de mascarilla, lavado de manos y distanciamiento\nf\u00edsico. <\/p>\n\n\n\n<p>El Hospital Cl\u00ednico de Magallanes, centro de referencia de la pandemia\nde nuestra regi\u00f3n ha estado dirigido por su director Ricardo Contreras Fa\u00fandez,\nquien agradeci\u00f3 las palabras de aliento del director (s) Torres Mendoza. <\/p>\n\n\n\n<p>\u201cPara nosotros este saludo tiene un verdadero significado porque todos\nnuestros funcionarios del Hospital han dado su m\u00e1ximo esfuerzo en esta\npandemia. Ellos han estado 24\/7 atendiendo a todos sus pacientes desde hace un\na\u00f1o y continuar\u00e1n entregando lo mejor de ellos, por la salud de los\nmagall\u00e1nicos\u201d, enfatiz\u00f3 el director Contreras. <\/p>\n\n\n\n<p>Por su parte, el director m\u00e9dico de la Cl\u00ednica RedSalud Magallanes, Dr.\nHern\u00e1n Rebolledo, se\u00f1al\u00f3 que est\u00e1n dispuestos a participar en todos los esfuerzos\nnecesarios para sacar adelante todos los desaf\u00edos que entrega la pandemia. <\/p>\n\n\n\n<p>\u201cAgradecemos la oportunidad que nos ha brindado el Servicio de Salud\nMagallanes para consagrar esta visita y entregar un est\u00edmulo a nuestras\nrotaciones de funcionarios en el enfrentamiento de esta pandemia, que ha\npropuesto un escenario complejo para nuestra Red Integrada COVID-19\u201d,\npuntualiz\u00f3 el Dr. Rebolledo.<\/p>\n","protected":false},"excerpt":{"rendered":"<p>Una visita a la Unidades de Paciente Cr\u00edtico de los establecimientos que componen la Red Integrada COVID-19 Magallanes, realiz\u00f3 el director (s) del Servicio de Salud, Marcelo Torres Mendoza durante&#8230; <a class=\"read-more\" href=\"https:\/\/www.radiopresidenteibanez.cl\/web\/director-s-ssm-marcelo-torres-saludo-y-reconocio-el-esfuerzo-de-funcionarios-de-salud-en-pandemia\/\">Leer m\u00e1s<\/a><\/p>\n","protected":false},"author":2,"featured_media":57,"comment_status":"closed","ping_status":"closed","sticky":false,"template":"","format":"standard","meta":{"footnotes":""},"categories":[1],"tags":[],"class_list":["post-19729","post","type-post","status-publish","format-standard","has-post-thumbnail","hentry","category-cronica"],"_links":{"self":[{"href":"https:\/\/www.radiopresidenteibanez.cl\/web\/wp-json\/wp\/v2\/posts\/19729","targetHints":{"allow":["GET"]}}],"collection":[{"href":"https:\/\/www.radiopresidenteibanez.cl\/web\/wp-json\/wp\/v2\/posts"}],"about":[{"href":"https:\/\/www.radiopresidenteibanez.cl\/web\/wp-json\/wp\/v2\/types\/post"}],"author":[{"embeddable":true,"href":"https:\/\/www.radiopresidenteibanez.cl\/web\/wp-json\/wp\/v2\/users\/2"}],"replies":[{"embeddable":true,"href":"https:\/\/www.radiopresidenteibanez.cl\/web\/wp-json\/wp\/v2\/comments?post=19729"}],"version-history":[{"count":0,"href":"https:\/\/www.radiopresidenteibanez.cl\/web\/wp-json\/wp\/v2\/posts\/19729\/revisions"}],"wp:featuredmedia":[{"embeddable":true,"href":"https:\/\/www.radiopresidenteibanez.cl\/web\/wp-json\/wp\/v2\/media\/57"}],"wp:attachment":[{"href":"https:\/\/www.radiopresidenteibanez.cl\/web\/wp-json\/wp\/v2\/media?parent=19729"}],"wp:term":[{"taxonomy":"category","embeddable":true,"href":"https:\/\/www.radiopresidenteibanez.cl\/web\/wp-json\/wp\/v2\/categories?post=19729"},{"taxonomy":"post_tag","embeddable":true,"href":"https:\/\/www.radiopresidenteibanez.cl\/web\/wp-json\/wp\/v2\/tags?post=19729"}],"curies":[{"name":"wp","href":"https:\/\/api.w.org\/{rel}","templated":true}]}}