{"id":19726,"date":"2021-04-03T03:30:00","date_gmt":"2021-04-03T03:30:00","guid":{"rendered":"https:\/\/www.radiopresidenteibanez.cl\/web\/?p=19726"},"modified":"2021-04-02T17:39:52","modified_gmt":"2021-04-02T17:39:52","slug":"comision-de-coordinacion-del-sistema-de-justicia-penal-se-reune-en-torno-a-la-entrevista-investigativa-videograbada","status":"publish","type":"post","link":"https:\/\/www.radiopresidenteibanez.cl\/web\/comision-de-coordinacion-del-sistema-de-justicia-penal-se-reune-en-torno-a-la-entrevista-investigativa-videograbada\/","title":{"rendered":"COMISI\u00d3N DE COORDINACI\u00d3N DEL SISTEMA DE JUSTICIA PENAL SE RE\u00daNE EN TORNO A LA ENTREVISTA INVESTIGATIVA VIDEOGRABADA"},"content":{"rendered":"\n<p>Coordinar el buen funcionamiento de la Ley de Entrevista Investigativa\nVideograbada de la ley N\u00b0 21.057, fue la tem\u00e1tica que reuni\u00f3 en sesi\u00f3n extraordinaria, a todos los\nmiembros de la Comisi\u00f3n Regional de\nCoordinaci\u00f3n del Sistema de Justicia Penal de Magallanes, presidida por el\nSeremi de Justicia y Derechos Humanos Crist\u00f3bal, Fern\u00e1ndez Jofr\u00e9.<\/p>\n\n\n\n<p>En la\noportunidad, la Jefa de la Unidad Regional de Atenci\u00f3n a V\u00edctimas y Testigos de\nla Fiscal\u00eda, Alejandra Guevara Mendoza explic\u00f3 a los Comisionados, las medidas de seguridad y protecci\u00f3n que se han utilizado\npara las diligencias en Periodo de Pandemia, lo que ha permitido mantenerlas en\npos del\nresguardo a menores de edad, v\u00edctimas de delitos sexuales, violentos, entre\notras. A la vez, se coordinaron acciones para su correcto funcionamiento\ndurante este a\u00f1o.<\/p>\n\n\n\n<p>Las autoridades que componen la comisi\u00f3n y\nrepresentan a las importantes instituciones que convergen en esta Ley, en\ntanto, &nbsp;complementaron aspectos referidos\na su implementaci\u00f3n: SEREMI de Justicia y DD.HH., Presidenta de la Corte de Apelaciones\nde Punta Arenas, Fiscal Regional, Defensora Regional, Jefes de Zona de\nCarabineros y Polic\u00eda de Investigaciones y el Presidente del Colegio de\nAbogados, adem\u00e1s del Juez Presidente del Tribunal de Juicio Oral en lo Penal, y\nel Director Regional de Sename, como invitados permanentes.<\/p>\n\n\n\n<p>Cabe recordar que el 20 de enero de 2018 se public\u00f3 la ley\n21.057 que regula entrevistas grabadas\nen video y, otras medidas de resguardo a menores de edad, siendo su principal objeto prevenir la victimizaci\u00f3n\nsecundaria de ni\u00f1os, ni\u00f1as y adolescentes que hayan sido v\u00edctimas de delitos\nsexuales y otros delitos graves, y con ello evitar toda consecuencia\nnegativa que puedan sufrir aquellos con ocasi\u00f3n de su interacci\u00f3n, en calidad\nde v\u00edctimas, con personas o instituciones que intervienen en las etapas del proceso\npenal.<\/p>\n\n\n\n<p>Siendo esta una diligencia de investigaci\u00f3n que se debe\ndecretar por el o la Fiscal y debe realizarse por entrevistadores debidamente\nformados y acreditados por el Ministerio de Justicia y Derechos Humanos,&nbsp; estableci\u00e9ndose reglas que permitan iniciar\nun proceso investigativo en el menor tiempo posible, quedando este importante\nmaterial en un registro digital, con acceso reservado a los intervinientes,\npolic\u00edas, peritos y jueces\/zas de Familia, siendo su exhibici\u00f3n controlada, con\nadopci\u00f3n de medidas para evitar su copia y posterior difusi\u00f3n, no reemplazando, sin embargo,\nla comparecencia de las v\u00edctimas o testigos en un juicio oral.<\/p>\n","protected":false},"excerpt":{"rendered":"<p>Coordinar el buen funcionamiento de la Ley de Entrevista Investigativa Videograbada de la ley N\u00b0 21.057, fue la tem\u00e1tica que reuni\u00f3 en sesi\u00f3n extraordinaria, a todos los miembros de la&#8230; <a class=\"read-more\" href=\"https:\/\/www.radiopresidenteibanez.cl\/web\/comision-de-coordinacion-del-sistema-de-justicia-penal-se-reune-en-torno-a-la-entrevista-investigativa-videograbada\/\">Leer m\u00e1s<\/a><\/p>\n","protected":false},"author":2,"featured_media":19727,"comment_status":"closed","ping_status":"closed","sticky":false,"template":"","format":"standard","meta":{"footnotes":""},"categories":[1],"tags":[],"class_list":["post-19726","post","type-post","status-publish","format-standard","has-post-thumbnail","hentry","category-cronica"],"_links":{"self":[{"href":"https:\/\/www.radiopresidenteibanez.cl\/web\/wp-json\/wp\/v2\/posts\/19726","targetHints":{"allow":["GET"]}}],"collection":[{"href":"https:\/\/www.radiopresidenteibanez.cl\/web\/wp-json\/wp\/v2\/posts"}],"about":[{"href":"https:\/\/www.radiopresidenteibanez.cl\/web\/wp-json\/wp\/v2\/types\/post"}],"author":[{"embeddable":true,"href":"https:\/\/www.radiopresidenteibanez.cl\/web\/wp-json\/wp\/v2\/users\/2"}],"replies":[{"embeddable":true,"href":"https:\/\/www.radiopresidenteibanez.cl\/web\/wp-json\/wp\/v2\/comments?post=19726"}],"version-history":[{"count":0,"href":"https:\/\/www.radiopresidenteibanez.cl\/web\/wp-json\/wp\/v2\/posts\/19726\/revisions"}],"wp:featuredmedia":[{"embeddable":true,"href":"https:\/\/www.radiopresidenteibanez.cl\/web\/wp-json\/wp\/v2\/media\/19727"}],"wp:attachment":[{"href":"https:\/\/www.radiopresidenteibanez.cl\/web\/wp-json\/wp\/v2\/media?parent=19726"}],"wp:term":[{"taxonomy":"category","embeddable":true,"href":"https:\/\/www.radiopresidenteibanez.cl\/web\/wp-json\/wp\/v2\/categories?post=19726"},{"taxonomy":"post_tag","embeddable":true,"href":"https:\/\/www.radiopresidenteibanez.cl\/web\/wp-json\/wp\/v2\/tags?post=19726"}],"curies":[{"name":"wp","href":"https:\/\/api.w.org\/{rel}","templated":true}]}}