{"id":19723,"date":"2021-04-03T03:15:00","date_gmt":"2021-04-03T03:15:00","guid":{"rendered":"https:\/\/www.radiopresidenteibanez.cl\/web\/?p=19723"},"modified":"2021-04-02T17:37:18","modified_gmt":"2021-04-02T17:37:18","slug":"gobernador-vasquez-entrega-lineamientos-para-el-cta-2021","status":"publish","type":"post","link":"https:\/\/www.radiopresidenteibanez.cl\/web\/gobernador-vasquez-entrega-lineamientos-para-el-cta-2021\/","title":{"rendered":"GOBERNADOR V\u00c1SQUEZ ENTREGA LINEAMIENTOS PARA EL CTA 2021"},"content":{"rendered":"\n<p>tuvo lugar una sesi\u00f3n\nplenaria del Comit\u00e9 T\u00e9cnico Asesor de la gobernaci\u00f3n provincial de Magallanes.\nLiderada por el gobernador Alejandro V\u00e1squez Servieri, en \u00e9sta se dieron los\nlineamientos para este 2021, la definici\u00f3n de los comit\u00e9s y las respectivas\nmesas de trabajo, quedando constituidos como: Subcomit\u00e9 de Seguridad P\u00fablica, cuyas mesas\nson, Comit\u00e9 Policial Provincial; Seguridad Vial y Prevenci\u00f3n de delitos de\nmayor connotaci\u00f3n. Subcomit\u00e9 de Protecci\u00f3n civil y emergencias, con las mesas,\nCuenca R\u00edo de Las Minas; Prevenci\u00f3n intoxicaciones por Mon\u00f3xido de Carbono y\nPrevenci\u00f3n civil y emergencias. Subcomit\u00e9 de Protecci\u00f3n Social; Subcomit\u00e9 de\nInfancia y Subcomit\u00e9 de Extranjer\u00eda.<\/p>\n\n\n\n<p>El Comit\u00e9 T\u00e9cnico Asesor, es una instancia de\ncoordinaci\u00f3n multisectorial, encabezada por la gobernaci\u00f3n de Magallanes, cuyo\nobjetivo es crear espacios de conversaci\u00f3n entre los organismos del Estado y la\nciudadan\u00eda, que recojan sus necesidades y puedan dar soluciones, mediante las\nmesas de trabajo que tiene cada subcomit\u00e9. <\/p>\n\n\n\n<p>En ese sentido, el\ngobernador provincial Alejandro V\u00e1squez, destac\u00f3 que: \u201cel trabajo de este 2021, estar\u00e1 marcado por\nimportantes acontecimientos, como una serie de elecciones de votaci\u00f3n popular,\ndonde tenemos que trabajar fuertemente con nuestra mesa de fiscalizaci\u00f3n.\nContinuar con el reto de la atenci\u00f3n a distancia a vecinos y vecinas.\nActualmente hemos realizado algunas reuniones presenciales, manteniendo el\naforo exigido por la autoridad de salud, hasta que las condiciones sanitarias\npermitan volver a reunirnos de forma masiva. Mientras eso suceda, seguiremos\ntrabajando con profesionalismo, compromiso y honestidad, tarea que comparto con\ncada uno de los funcionarios de esta gobernaci\u00f3n, y que da respuesta a la\npreocupaci\u00f3n del Presidente Sebasti\u00e1n Pi\u00f1era por la necesidad de que todos\nquienes cumplimos una labor p\u00fablica, lleguemos a todos los rincones del\nterritorio, dando asistencia a la comunidad, sobre todo en momentos dif\u00edciles\ncomo los que estamos viviendo por la emergencia sanitaria en&nbsp; respuesta al Covid-19\u201d.<\/p>\n\n\n\n<p>Dentro de los avances realizados durante los\nprimeros meses de este 2021, destaca el trabajo enmarcado en el programa\nVeterinario en Terreno, financiado por Subdere y ejecutado por la gobernaci\u00f3n,\nel que ya ha beneficiado a 650 mascotas, con atenci\u00f3n veterinaria y\ndesparasitaci\u00f3n, junto con la implantaci\u00f3n de 629 micro chip de identificaci\u00f3n,\nadem\u00e1s del recorrido que ha realizado el programa por distintas zonas rurales\nde la provincia.<\/p>\n\n\n\n<p>El subcomit\u00e9 de Infancia,\nest\u00e1 desarrollando la campa\u00f1a \u201cCompartamos letras, donemos un libro\u201d, donde\nespera fomentar la lectura infantil y juvenil, mediante una biblioteca m\u00f3vil,\nque llegar\u00e1 a todos los lugares de la provincia de Magallanes.<\/p>\n\n\n\n<p>Igualmente, el departamento de Extranjer\u00eda, perteneciente\nal subcomit\u00e9 de Extranjer\u00eda, comenz\u00f3 con la atenci\u00f3n presencial, previa cita\nagendada en la p\u00e1gina: <a href=\"http:\/\/www.reservahora.extranjeria.gob.cl\">www.reservahora.extranjeria.gob.cl<\/a>, gracias a lo cual se atienden 200 personas\nsemanales, adem\u00e1s de realizar charlas y di\u00e1logos ciudadanos, donde se entrega\ninformaci\u00f3n importante respecto a migraci\u00f3n, derechos educacionales, laborales\ny sociales. A la fecha se\ncontabilizan 324 solicitudes de residencia y 102 solicitudes de autorizaci\u00f3n de\ntrabajo.<\/p>\n\n\n\n<p>Los Subcomit\u00e9s y sus mesas se definen de\nacuerdo a las necesidades que existen como provincia, por esa raz\u00f3n fue\nrelevante la presencia de las autoridades asistentes y representantes de\ndiferentes Servicios, entre los que se encontraban, el Seremi de Agricultura,\nAlfonso Roux, el Comisario de Carabineros, Alejandro Lep\u00edn, el Comandante de la\nV Divisi\u00f3n de Ej\u00e9rcito, Eduardo Monje,&nbsp;\nel Jefe provincial de la PDI, Juan Suazo, el Seremi de Salud, Eduardo\nCastillo, la Seremi de Bienes Nacionales, Francisca Rojas, la Seremi de las\nCulturas, Katherine Ibacache, el Seremi del MOP, Pablo Rendoll, la Seremi de\nHacienda Lil Garc\u00e9s, la Seremi de Econom\u00eda, Natalia Easton, el Seremi de\nTransportes y Telecomunicaciones Marco Mella, los Directores\/as de Conadi,\nCarolina Avenda\u00f1o, de SAG, Gerardo Otzen, Senadis, Iv\u00e1n Gonz\u00e1lez, de SEC, Juan\nBarticevic, de Conaf, Mauricio V\u00e9jar, de INDAP, Petar Bradasic, de Senama,\nRebeca Aguilante, de INE, Rodolfo Arecheta, de Superintendencia de Educaci\u00f3n,\nSafira Ivelich, as\u00ed como representantes de Senda Magallanes, Seremi de\nDesarrollo Social, Junji, Corporaci\u00f3n Municipal y por parte de la gobernaci\u00f3n,\nel Director provincial de Riesgos y Emergencias (s) Rodolfo Guajardo, el\nEncargado de Gobierno en Terreno, Francisco Nova, Coordinadora de OPD, Daniela\nFuentealba, Profesional Contingencia, Ricardo Moya y en Comunicaciones, Janina\nSanhueza e Ivonne Silva.<\/p>\n","protected":false},"excerpt":{"rendered":"<p>tuvo lugar una sesi\u00f3n plenaria del Comit\u00e9 T\u00e9cnico Asesor de la gobernaci\u00f3n provincial de Magallanes. Liderada por el gobernador Alejandro V\u00e1squez Servieri, en \u00e9sta se dieron los lineamientos para este&#8230; <a class=\"read-more\" href=\"https:\/\/www.radiopresidenteibanez.cl\/web\/gobernador-vasquez-entrega-lineamientos-para-el-cta-2021\/\">Leer m\u00e1s<\/a><\/p>\n","protected":false},"author":2,"featured_media":19724,"comment_status":"closed","ping_status":"closed","sticky":false,"template":"","format":"standard","meta":{"footnotes":""},"categories":[1],"tags":[],"class_list":["post-19723","post","type-post","status-publish","format-standard","has-post-thumbnail","hentry","category-cronica"],"_links":{"self":[{"href":"https:\/\/www.radiopresidenteibanez.cl\/web\/wp-json\/wp\/v2\/posts\/19723","targetHints":{"allow":["GET"]}}],"collection":[{"href":"https:\/\/www.radiopresidenteibanez.cl\/web\/wp-json\/wp\/v2\/posts"}],"about":[{"href":"https:\/\/www.radiopresidenteibanez.cl\/web\/wp-json\/wp\/v2\/types\/post"}],"author":[{"embeddable":true,"href":"https:\/\/www.radiopresidenteibanez.cl\/web\/wp-json\/wp\/v2\/users\/2"}],"replies":[{"embeddable":true,"href":"https:\/\/www.radiopresidenteibanez.cl\/web\/wp-json\/wp\/v2\/comments?post=19723"}],"version-history":[{"count":0,"href":"https:\/\/www.radiopresidenteibanez.cl\/web\/wp-json\/wp\/v2\/posts\/19723\/revisions"}],"wp:featuredmedia":[{"embeddable":true,"href":"https:\/\/www.radiopresidenteibanez.cl\/web\/wp-json\/wp\/v2\/media\/19724"}],"wp:attachment":[{"href":"https:\/\/www.radiopresidenteibanez.cl\/web\/wp-json\/wp\/v2\/media?parent=19723"}],"wp:term":[{"taxonomy":"category","embeddable":true,"href":"https:\/\/www.radiopresidenteibanez.cl\/web\/wp-json\/wp\/v2\/categories?post=19723"},{"taxonomy":"post_tag","embeddable":true,"href":"https:\/\/www.radiopresidenteibanez.cl\/web\/wp-json\/wp\/v2\/tags?post=19723"}],"curies":[{"name":"wp","href":"https:\/\/api.w.org\/{rel}","templated":true}]}}