{"id":19714,"date":"2021-04-03T02:30:00","date_gmt":"2021-04-03T02:30:00","guid":{"rendered":"https:\/\/www.radiopresidenteibanez.cl\/web\/?p=19714"},"modified":"2021-04-02T17:24:08","modified_gmt":"2021-04-02T17:24:08","slug":"41-jardines-infantiles-de-magallanes-evaluaran-su-desempeno","status":"publish","type":"post","link":"https:\/\/www.radiopresidenteibanez.cl\/web\/41-jardines-infantiles-de-magallanes-evaluaran-su-desempeno\/","title":{"rendered":"41 JARDINES INFANTILES DE MAGALLANES EVALUAR\u00c1N SU DESEMPE\u00d1O"},"content":{"rendered":"\n<p>En 2011, la Ley de Aseguramiento de la Calidad cre\u00f3 una nueva institucionalidad responsable de asegurar el acceso a una educaci\u00f3n de calidad con equidad en cada uno de los niveles educativos. Hoy ese compromiso es una realidad, pues la educaci\u00f3n parvularia ingres\u00f3 formalmente al Sistema de Aseguramiento de la Calidad con el inicio del Diagn\u00f3stico Integral de Desempe\u00f1o (DID), desarrollado por la Agencia de Calidad.<\/p>\n\n\n\n<p>En la regi\u00f3n de Magallanes, 41 centros educativos deben implementar el diagn\u00f3stico, que es obligatorio para los jardines infantiles que reciben aportes de Estado, y que en total se extiende por 5 semanas.<\/p>\n\n\n\n<p>El DID se adapta a la realidad sanitaria en la que se encuentren los distintos establecimientos, pues la Agencia de la Calidad est\u00e1 distribuyendo 4.300 kits con el material impreso y el proceso se puede realizar en modalidad remota, presencial o mixta.<\/p>\n\n\n\n<p>El diagn\u00f3stico permitir\u00e1 a los jardines infantiles recoger informaci\u00f3n sobre su desempe\u00f1o para implementar mejoras, ya que recibir\u00e1n retroalimentaci\u00f3n inmediata. Adem\u00e1s, considera la participaci\u00f3n de toda la comunidad educativa: directora, equipo directivo y pedag\u00f3gico, a los ni\u00f1os y ni\u00f1as optativamente, y a las familias, las que evaluar\u00e1n su experiencia con el centro educativo.<\/p>\n\n\n\n<p>\u201cLa entrada del nivel parvulario al Sistema de Aseguramiento de la Calidad es un hito de gran importancia. La plataforma y los instrumentos que se han desarrollado para este nivel fueron especialmente dise\u00f1ados, con la expectativa de construir una relaci\u00f3n de confianza con los jardines y las familias, las que participan activamente del proceso. Con los datos que obtengamos de la autoevaluaci\u00f3n buscaremos visitarlos y orientarlos en sus procesos de mejoramiento\u201d, afirm\u00f3 el Secretario Ejecutivo de la Agencia, Daniel Rodr\u00edguez.<\/p>\n\n\n\n<p><strong>Entrega de orientaciones<\/strong><\/p>\n\n\n\n<p>A partir de los datos que recoja el diagn\u00f3stico, en mayo la Agencia de Calidad priorizar\u00e1 a los centros educativos que necesitan m\u00e1s apoyo y comenzar\u00e1 a visitarlos en junio, entreg\u00e1ndoles material y orientaciones focalizadas seg\u00fan las debilidades detectadas para que puedan mejorar.<\/p>\n\n\n\n<p>Tanto este proceso como el diagn\u00f3stico se adaptan al escenario pand\u00e9mico, ya que ambos pueden realizar en formato remoto o presencial. \u201cEl a\u00f1o pasado la Agencia de Calidad adapt\u00f3 todas sus funciones a un formato mixto para seguir llegando y contribuyendo con las escuelas, independiente del contexto. Si las condiciones lo permiten, los jardines infantiles ser\u00e1n visitados por nuestros profesionales en los establecimientos, y en los casos donde no exista presencialidad el proceso se har\u00e1 de manera remota\u201d, explica Daniel Rodr\u00edguez, secretario ejecutivo de la Agencia de Calidad.<\/p>\n","protected":false},"excerpt":{"rendered":"<p>En 2011, la Ley de Aseguramiento de la Calidad cre\u00f3 una nueva institucionalidad responsable de asegurar el acceso a una educaci\u00f3n de calidad con equidad en cada uno de los&#8230; <a class=\"read-more\" href=\"https:\/\/www.radiopresidenteibanez.cl\/web\/41-jardines-infantiles-de-magallanes-evaluaran-su-desempeno\/\">Leer m\u00e1s<\/a><\/p>\n","protected":false},"author":2,"featured_media":19715,"comment_status":"closed","ping_status":"closed","sticky":false,"template":"","format":"standard","meta":{"footnotes":""},"categories":[1],"tags":[],"class_list":["post-19714","post","type-post","status-publish","format-standard","has-post-thumbnail","hentry","category-cronica"],"_links":{"self":[{"href":"https:\/\/www.radiopresidenteibanez.cl\/web\/wp-json\/wp\/v2\/posts\/19714","targetHints":{"allow":["GET"]}}],"collection":[{"href":"https:\/\/www.radiopresidenteibanez.cl\/web\/wp-json\/wp\/v2\/posts"}],"about":[{"href":"https:\/\/www.radiopresidenteibanez.cl\/web\/wp-json\/wp\/v2\/types\/post"}],"author":[{"embeddable":true,"href":"https:\/\/www.radiopresidenteibanez.cl\/web\/wp-json\/wp\/v2\/users\/2"}],"replies":[{"embeddable":true,"href":"https:\/\/www.radiopresidenteibanez.cl\/web\/wp-json\/wp\/v2\/comments?post=19714"}],"version-history":[{"count":0,"href":"https:\/\/www.radiopresidenteibanez.cl\/web\/wp-json\/wp\/v2\/posts\/19714\/revisions"}],"wp:featuredmedia":[{"embeddable":true,"href":"https:\/\/www.radiopresidenteibanez.cl\/web\/wp-json\/wp\/v2\/media\/19715"}],"wp:attachment":[{"href":"https:\/\/www.radiopresidenteibanez.cl\/web\/wp-json\/wp\/v2\/media?parent=19714"}],"wp:term":[{"taxonomy":"category","embeddable":true,"href":"https:\/\/www.radiopresidenteibanez.cl\/web\/wp-json\/wp\/v2\/categories?post=19714"},{"taxonomy":"post_tag","embeddable":true,"href":"https:\/\/www.radiopresidenteibanez.cl\/web\/wp-json\/wp\/v2\/tags?post=19714"}],"curies":[{"name":"wp","href":"https:\/\/api.w.org\/{rel}","templated":true}]}}