{"id":19711,"date":"2021-04-03T02:15:00","date_gmt":"2021-04-03T02:15:00","guid":{"rendered":"https:\/\/www.radiopresidenteibanez.cl\/web\/?p=19711"},"modified":"2021-04-02T17:22:56","modified_gmt":"2021-04-02T17:22:56","slug":"cft-de-magallanes-adjudica-fondo-de-innovacion-para-implementar-su-plan-estrategico-institucional","status":"publish","type":"post","link":"https:\/\/www.radiopresidenteibanez.cl\/web\/cft-de-magallanes-adjudica-fondo-de-innovacion-para-implementar-su-plan-estrategico-institucional\/","title":{"rendered":"CFT DE MAGALLANES ADJUDICA FONDO DE INNOVACI\u00d3N PARA IMPLEMENTAR SU PLAN ESTRAT\u00c9GICO INSTITUCIONAL"},"content":{"rendered":"\n<p>Se llev\u00f3 a cabo un encuentro virtual para dar a conocer oficialmente las instituciones de Educaci\u00f3n Superior T\u00e9cnico Profesional que fueron adjudicadas con fondos MINEDUC-Corfo para el desarrollo de sus Planes Estrat\u00e9gicos Institucionales, entre las cuales result\u00f3 favorecido el Centro de Formaci\u00f3n T\u00e9cnica Estatal de Magallanes. La actividad fue encabezada por el Subsecretario de Educaci\u00f3n Superior, Juan Eduardo Vargas y el Vicepresidente Ejecutivo de Corfo, Pablo Terrazas, adem\u00e1s de los rectores de las entidades acad\u00e9micas ganadoras de los fondos concursables.<\/p>\n\n\n\n<p>La iniciativa es parte del Programa IP-CFT 2030 que con este\nllamado est\u00e1 beneficiando a 26 instituciones y tiene como objetivo que estas incorporen\nherramientas y conocimientos de innovaci\u00f3n y transferencia tecnol\u00f3gica en su\nquehacer, para que as\u00ed puedan mejorar su vinculaci\u00f3n con los sectores\necon\u00f3micos del pa\u00eds, contribuyendo as\u00ed al desarrollo del capital humano\nnecesario para enfrentar los desaf\u00edos de la din\u00e1mica productiva nacional. <\/p>\n\n\n\n<p>El Subsecretario Vargas indic\u00f3 que la Ley de Educaci\u00f3n Superior\nN\u00b021.091 establece que los Institutos Profesionales y Centros de Formaci\u00f3n\nT\u00e9cnica, deben realizar innovaci\u00f3n aplicada y transferencia tecnol\u00f3gica\ndestinada a aportar a sus entornos productivos y sociales, vincul\u00e1ndola, adem\u00e1s,\ncon la formaci\u00f3n de sus estudiantes.<\/p>\n\n\n\n<p>Por su parte el Vicepresidente Ejecutivo de Corfo, Pablo Terrazas,\nafirm\u00f3: \u201cCorfo tiene una vinculaci\u00f3n hist\u00f3rica con la formaci\u00f3n Superior\nT\u00e9cnico Profesional, ya que une temprana y r\u00e1pidamente a los estudiantes con\nlos sectores productivos, ense\u00f1ando habilidades y capacidades especializadas\npara afrontar las necesidades de la industria, y haciendo de ellos un aporte\nevidente para la competitividad\u201d.<\/p>\n\n\n\n<p>En la reuni\u00f3n, los rectores\nde las instituciones adjudicadas con mejor ranking en sus postulaciones a los\nfondos, compartieron sus expectativas con respecto al trabajo que deber\u00e1n\ndesarrollar, junto a sus comunidades educativas. Christian Quezada, Rector CFT Estatal\nMagallanes, afirm\u00f3 que \u201cel lanzamiento del Plan\nEstrat\u00e9gico Institucional IP CFT 2030, es una excelente noticia y oportunidad\npara poner en marcha la incorporaci\u00f3n de innovaci\u00f3n y transferencia tecnol\u00f3gica\nen nuestras instituciones de Educaci\u00f3n Superior TP y particular en la nuestra.\nEl proyecto postulado de manera conjunta entre nuestro CFT estatal de\nMagallanes y el CFT estatal de Antofagasta, fue seleccionado por CORFO y MINEDUC\nobteniendo el primer lugar dentro de las 19 propuestas adjudicadas a nivel\nnacional de instituciones tanto p\u00fablicas como privadas (IPs y CFTs), lo cual\npemitir\u00e1 ir incorporando en nuestro plan estrat\u00e9gico los desaf\u00edos relacionados\na vinculaci\u00f3n con el medio, innovaci\u00f3n y emprendimiento donde queremos ser\nprotagonistas aportando al desarrollo de nuestros territorios\u201d.<\/p>\n","protected":false},"excerpt":{"rendered":"<p>Se llev\u00f3 a cabo un encuentro virtual para dar a conocer oficialmente las instituciones de Educaci\u00f3n Superior T\u00e9cnico Profesional que fueron adjudicadas con fondos MINEDUC-Corfo para el desarrollo de sus&#8230; <a class=\"read-more\" href=\"https:\/\/www.radiopresidenteibanez.cl\/web\/cft-de-magallanes-adjudica-fondo-de-innovacion-para-implementar-su-plan-estrategico-institucional\/\">Leer m\u00e1s<\/a><\/p>\n","protected":false},"author":2,"featured_media":19712,"comment_status":"closed","ping_status":"closed","sticky":false,"template":"","format":"standard","meta":{"footnotes":""},"categories":[1],"tags":[],"class_list":["post-19711","post","type-post","status-publish","format-standard","has-post-thumbnail","hentry","category-cronica"],"_links":{"self":[{"href":"https:\/\/www.radiopresidenteibanez.cl\/web\/wp-json\/wp\/v2\/posts\/19711","targetHints":{"allow":["GET"]}}],"collection":[{"href":"https:\/\/www.radiopresidenteibanez.cl\/web\/wp-json\/wp\/v2\/posts"}],"about":[{"href":"https:\/\/www.radiopresidenteibanez.cl\/web\/wp-json\/wp\/v2\/types\/post"}],"author":[{"embeddable":true,"href":"https:\/\/www.radiopresidenteibanez.cl\/web\/wp-json\/wp\/v2\/users\/2"}],"replies":[{"embeddable":true,"href":"https:\/\/www.radiopresidenteibanez.cl\/web\/wp-json\/wp\/v2\/comments?post=19711"}],"version-history":[{"count":0,"href":"https:\/\/www.radiopresidenteibanez.cl\/web\/wp-json\/wp\/v2\/posts\/19711\/revisions"}],"wp:featuredmedia":[{"embeddable":true,"href":"https:\/\/www.radiopresidenteibanez.cl\/web\/wp-json\/wp\/v2\/media\/19712"}],"wp:attachment":[{"href":"https:\/\/www.radiopresidenteibanez.cl\/web\/wp-json\/wp\/v2\/media?parent=19711"}],"wp:term":[{"taxonomy":"category","embeddable":true,"href":"https:\/\/www.radiopresidenteibanez.cl\/web\/wp-json\/wp\/v2\/categories?post=19711"},{"taxonomy":"post_tag","embeddable":true,"href":"https:\/\/www.radiopresidenteibanez.cl\/web\/wp-json\/wp\/v2\/tags?post=19711"}],"curies":[{"name":"wp","href":"https:\/\/api.w.org\/{rel}","templated":true}]}}