{"id":19708,"date":"2021-04-03T02:00:00","date_gmt":"2021-04-03T02:00:00","guid":{"rendered":"https:\/\/www.radiopresidenteibanez.cl\/web\/?p=19708"},"modified":"2021-04-02T17:18:25","modified_gmt":"2021-04-02T17:18:25","slug":"segunda-jornada-de-operativo-de-busqueda-y-salvamento-ante-desaparicion-de-pescador-en-estrecho-de-magallanes-2","status":"publish","type":"post","link":"https:\/\/www.radiopresidenteibanez.cl\/web\/segunda-jornada-de-operativo-de-busqueda-y-salvamento-ante-desaparicion-de-pescador-en-estrecho-de-magallanes-2\/","title":{"rendered":"SEGUNDA JORNADA DE OPERATIVO DE B\u00daSQUEDA Y SALVAMENTO  ANTE DESAPARICI\u00d3N DE PESCADOR EN ESTRECHO DE MAGALLANES"},"content":{"rendered":"\n<p>El portal de descarga de m\u00fasica chilena, PortalDisc, acaba de cumplir 12 a\u00f1os. Fue una iniciativa pionera en una \u00e9poca en la que no hab\u00eda ni smartphones, ni las redes sociales que conocemos actualmente, ni se hab\u00eda o\u00eddo hablar de la palabra streaming. Era la \u00e9poca de la descarga pirata del mp3 y del comienzo de la crisis de la venta de discos f\u00edsicos. En estos 12 a\u00f1os de desarrollo y adaptaci\u00f3n a los enormes cambios de la industria de la m\u00fasica, PortalDisc ha ido formando el mayor cat\u00e1logo digital de m\u00fasica chilena, proveniente de todas las regiones, estilos y \u00e9pocas. Actualmente cuenta con m\u00e1s de 130.000 canciones, pertenecientes a m\u00e1s de 300 sellos y 7.000 artistas chilenos.<\/p>\n\n\n\n<p>Este amplio y diverso patrimonio cultural de Chile, merec\u00eda una nueva plataforma, adaptada a las nuevas tecnolog\u00edas y a la actual forma de acceder a la m\u00fasica. Es as\u00ed, como luego de m\u00e1s de 5 a\u00f1os de desarrollo y habiendo sorteado diversas dificultades en el proceso, el cierre de dos de las empresas desarrolladoras, un cambio de nombre -hasta hace poco se iba a llamar Suena Chile- y las propias dificultades surgidas de la pandemia, PortalDisc ha lanzado por fin la primera aplicaci\u00f3n streaming de m\u00fasica chilena:&nbsp;<strong>PORTALDISC APP.<\/strong><\/p>\n\n\n\n<p><em>\u201cLa aplicaci\u00f3n ya est\u00e1 completamente operativa y en una etapa de marcha blanca abierta a todos los usuarios. El desarrollo finalmente lo hicimos con una empresa australiana que utiliza los mayores est\u00e1ndares de calidad y seguridad. Estamos haciendo un esfuerzo enorme para ofrecer una experiencia m\u00e1s cercana, especializada y de alta calidad para la m\u00fasica chilena. Hago un llamado a los usuarios, artistas, sellos, distribuidores, marcas e instituciones a apoyar esta iniciativa que puede ser tan relevante para la m\u00fasica chilena, en especial en estos tiempos de crisis en los que no se pueden hacer presentaciones en vivo\u201d<\/em>, sostiene&nbsp;<strong>Sebasti\u00e1n Milos, director de PortalDisc.<\/strong><\/p>\n\n\n\n<p>M\u00fasicos como&nbsp;<strong>Tata Barahona<\/strong>, destacan la plataforma por la preocupaci\u00f3n de relevar la m\u00fasica chilena como una disciplina rica y diversa:&nbsp;<em>\u00abme parece una gran iniciativa que exista una v\u00eda chilena hacia las aplicaciones de m\u00fasica. Y que se nos catalogue seg\u00fan nuestros particulares par\u00e1metros. Felicitaciones al equipo de PortalDisc y a disfrutar y difundir la nueva aplicaci\u00f3n\u00bb<\/em><\/p>\n\n\n\n<p>Desde&nbsp;<strong>Chilem\u00fasica marca sectorial que promueve la industria musical en el extranjero, su director Oliver Knust<\/strong>, resalta el valor del cruce entre las empresas de desarrollo tecnol\u00f3gico y el car\u00e1cter patrimonial de esta app&nbsp;<em>\u201cadem\u00e1s de ordenar y darle un relato a la m\u00fasica chilena a trav\u00e9s de una plataforma con sus g\u00e9neros, historias, sonidos particulares por regi\u00f3n y especificaciones propias de&nbsp;<\/em><em>nuestro pa\u00eds que servir\u00e1n para dar a conocer nuestra cultura musical en otras audiencias\u201d.<\/em><\/p>\n\n\n\n<p>La app cuenta con todas las funcionalidades de plataformas streaming internacionales y algunas particularidades que la hacen muy atractiva para la m\u00fasica chilena: Cada regi\u00f3n de Chile tiene su propia secci\u00f3n con los artistas regionales y se incluyen secciones de m\u00fasica tradicional como Andina, Mapuche, Rapa Nui, Chilota, Cuecas, entre otras. Adem\u00e1s, el pago a los artistas por cada reproducci\u00f3n ser\u00e1 mayor que el que pagan actualmente otras plataformas de streaming y los artistas podr\u00e1n subir su m\u00fasica directamente o a trav\u00e9s de sellos y distribuidores digitales.<\/p>\n\n\n\n<p>En esta etapa de lanzamiento se ofrecer\u00e1 la posibilidad de a<strong>cceder sin costo a todas las funcionalidades de la versi\u00f3n Premium<\/strong>&nbsp;(posibilidad de elegir cualquier canci\u00f3n, crear playlist ilimitadas, opci\u00f3n de reproducci\u00f3n sin conexi\u00f3n, sin publicidad invasiva, etc.) para la reproducci\u00f3n de hasta 50 canciones mensuales. Para acceder a reproducciones ilimitadas los usuarios podr\u00e1n suscribirse por tan solo $2.990 mensual y $29.900 anual (2 meses gratis). Adem\u00e1s los usuarios tienen la opci\u00f3n de realizar aportes voluntarios para la mantenci\u00f3n, crecimiento y difusi\u00f3n de la plataforma.<\/p>\n\n\n\n<p><strong>ENLACES PRINCIPALES<\/strong><\/p>\n\n\n\n<p>Descarga para Android:&nbsp;<a href=\"https:\/\/trackercl1.fidelizador.com\/L10E9CD10G10657C39HA9FFDECECFJA9DA5B28D6K10E9CD1099FEE3BECEF034AEE69F56\" target=\"_blank\" rel=\"noreferrer noopener\">https:\/\/bit.ly\/3qavWSy<\/a><\/p>\n\n\n\n<p>Descarga para iPhone \/ iPad:&nbsp;<a href=\"https:\/\/trackercl1.fidelizador.com\/L10E9CD10G10657C39HA9FFDECECFJA9DA5B28C5K10E9CD1099FEE3BECEF034AEE69F56\" target=\"_blank\" rel=\"noreferrer noopener\">https:\/\/apple.co\/303oON8<\/a><\/p>\n\n\n\n<p>Presentaci\u00f3n en PDF:&nbsp;<a href=\"https:\/\/trackercl1.fidelizador.com\/L10E9CD10G10657C39HA9FFDECECFJA9DA5B2870K10E9CD1099FEE3BECEF034AEE69F56\" target=\"_blank\" rel=\"noreferrer noopener\">portaldisc_app.pdf<\/a><\/p>\n\n\n\n<p>P\u00e1gina Web:&nbsp;<a href=\"https:\/\/trackercl1.fidelizador.com\/L10E9CD10G10657C39HA9FFDECECFJA9DA5B28E3K10E9CD1099FEE3BECEF034AEE69F56\" target=\"_blank\" rel=\"noreferrer noopener\">app.portaldisc.com<\/a><\/p>\n","protected":false},"excerpt":{"rendered":"<p>El portal de descarga de m\u00fasica chilena, PortalDisc, acaba de cumplir 12 a\u00f1os. Fue una iniciativa pionera en una \u00e9poca en la que no hab\u00eda ni smartphones, ni las redes&#8230; <a class=\"read-more\" href=\"https:\/\/www.radiopresidenteibanez.cl\/web\/segunda-jornada-de-operativo-de-busqueda-y-salvamento-ante-desaparicion-de-pescador-en-estrecho-de-magallanes-2\/\">Leer m\u00e1s<\/a><\/p>\n","protected":false},"author":2,"featured_media":19709,"comment_status":"closed","ping_status":"closed","sticky":false,"template":"","format":"standard","meta":{"footnotes":""},"categories":[1],"tags":[],"class_list":["post-19708","post","type-post","status-publish","format-standard","has-post-thumbnail","hentry","category-cronica"],"_links":{"self":[{"href":"https:\/\/www.radiopresidenteibanez.cl\/web\/wp-json\/wp\/v2\/posts\/19708","targetHints":{"allow":["GET"]}}],"collection":[{"href":"https:\/\/www.radiopresidenteibanez.cl\/web\/wp-json\/wp\/v2\/posts"}],"about":[{"href":"https:\/\/www.radiopresidenteibanez.cl\/web\/wp-json\/wp\/v2\/types\/post"}],"author":[{"embeddable":true,"href":"https:\/\/www.radiopresidenteibanez.cl\/web\/wp-json\/wp\/v2\/users\/2"}],"replies":[{"embeddable":true,"href":"https:\/\/www.radiopresidenteibanez.cl\/web\/wp-json\/wp\/v2\/comments?post=19708"}],"version-history":[{"count":0,"href":"https:\/\/www.radiopresidenteibanez.cl\/web\/wp-json\/wp\/v2\/posts\/19708\/revisions"}],"wp:featuredmedia":[{"embeddable":true,"href":"https:\/\/www.radiopresidenteibanez.cl\/web\/wp-json\/wp\/v2\/media\/19709"}],"wp:attachment":[{"href":"https:\/\/www.radiopresidenteibanez.cl\/web\/wp-json\/wp\/v2\/media?parent=19708"}],"wp:term":[{"taxonomy":"category","embeddable":true,"href":"https:\/\/www.radiopresidenteibanez.cl\/web\/wp-json\/wp\/v2\/categories?post=19708"},{"taxonomy":"post_tag","embeddable":true,"href":"https:\/\/www.radiopresidenteibanez.cl\/web\/wp-json\/wp\/v2\/tags?post=19708"}],"curies":[{"name":"wp","href":"https:\/\/api.w.org\/{rel}","templated":true}]}}