{"id":19705,"date":"2021-04-02T17:06:37","date_gmt":"2021-04-02T17:06:37","guid":{"rendered":"https:\/\/www.radiopresidenteibanez.cl\/web\/?p=19705"},"modified":"2021-04-02T17:06:43","modified_gmt":"2021-04-02T17:06:43","slug":"segunda-jornada-de-operativo-de-busqueda-y-salvamento-ante-desaparicion-de-pescador-en-estrecho-de-magallanes","status":"publish","type":"post","link":"https:\/\/www.radiopresidenteibanez.cl\/web\/segunda-jornada-de-operativo-de-busqueda-y-salvamento-ante-desaparicion-de-pescador-en-estrecho-de-magallanes\/","title":{"rendered":"SEGUNDA JORNADA DE OPERATIVO DE B\u00daSQUEDA Y SALVAMENTO  ANTE DESAPARICI\u00d3N DE PESCADOR EN ESTRECHO DE MAGALLANES"},"content":{"rendered":"\n<p>Durante la jornada del 02 de\nabril la Autoridad Mar\u00edtima contin\u00faa con el despliegue de medios en el marco\ndel operativo de B\u00fasqueda y Salvamento iniciado la noche del 31 de marzo. <\/p>\n\n\n\n<p>De esta manera, siguiendo los\nprotocolos establecidos, se encuentran en la zona de reb\u00fasqueda diferentes\nunidades navales, contando con apoyo de lanchas pesqueras que se encuentran en\nla ruta.<\/p>\n\n\n\n<p>Es de esta manera que el ferry en\ntrayecto Punta Arenas \u2013 Porvenir, inform\u00f3 a la Capitan\u00eda de Puerto de Tierra\ndel Fuego del avistamiento de un bote auxiliar en la zona de reb\u00fasqueda\nestablecida.<\/p>\n\n\n\n<p>Con esta informaci\u00f3n se traslad\u00f3\na la zona la LSG 1619 \u201cPunta Arenas\u201d, Unidad que se encontraba en las cercan\u00edas\ndesplegada en esfuerzos de reb\u00fasqueda, generando un operativo para recuperar el\nbote auxiliar el que se encontraba sin ocupantes en su interior.<\/p>\n\n\n\n<p>Al igual que la jornada del d\u00eda\n01 de abril, la LPM 4407 y una partida de buzos se encuentran operando en la\nzona, sumado al helic\u00f3ptero Naval 57 del Grupo Aeronaval Sur \u201cPunta Arenas\u201d y\nPatrullajes Terrestres, manteni\u00e9ndose los esfuerzos de la Instituci\u00f3n en el\noperativo.<\/p>\n\n\n\n<p>La Autoridad Mar\u00edtima reitera a\nla comunidad mantener los protocolos establecidos para actividades ligadas al\nmar e informar oportunamente los accidentes, para lo cual se encuentran\ndisponibles los diferentes canales de comunicaci\u00f3n como el tel\u00e9fono 137 y las\nrespectivas Capitan\u00edas de Puerto. <\/p>\n\n\n\n<p>La Armada de Chile mantendr\u00e1 los\nesfuerzos de Unidades y Patrullas Mar\u00edtimas, resguardando Salvaguardar la Vida\nHumana en el Mar, cumpliendo con los protocolos establecidos para casos SAR,\nactuando en forma interagencial con los medios disponibles, aportando de esta\nmanera al resguardo de la Seguridad e Intereses Territoriales.<\/p>\n","protected":false},"excerpt":{"rendered":"<p>Durante la jornada del 02 de abril la Autoridad Mar\u00edtima contin\u00faa con el despliegue de medios en el marco del operativo de B\u00fasqueda y Salvamento iniciado la noche del 31&#8230; <a class=\"read-more\" href=\"https:\/\/www.radiopresidenteibanez.cl\/web\/segunda-jornada-de-operativo-de-busqueda-y-salvamento-ante-desaparicion-de-pescador-en-estrecho-de-magallanes\/\">Leer m\u00e1s<\/a><\/p>\n","protected":false},"author":2,"featured_media":19706,"comment_status":"closed","ping_status":"closed","sticky":false,"template":"","format":"standard","meta":{"footnotes":""},"categories":[1],"tags":[],"class_list":["post-19705","post","type-post","status-publish","format-standard","has-post-thumbnail","hentry","category-cronica"],"_links":{"self":[{"href":"https:\/\/www.radiopresidenteibanez.cl\/web\/wp-json\/wp\/v2\/posts\/19705","targetHints":{"allow":["GET"]}}],"collection":[{"href":"https:\/\/www.radiopresidenteibanez.cl\/web\/wp-json\/wp\/v2\/posts"}],"about":[{"href":"https:\/\/www.radiopresidenteibanez.cl\/web\/wp-json\/wp\/v2\/types\/post"}],"author":[{"embeddable":true,"href":"https:\/\/www.radiopresidenteibanez.cl\/web\/wp-json\/wp\/v2\/users\/2"}],"replies":[{"embeddable":true,"href":"https:\/\/www.radiopresidenteibanez.cl\/web\/wp-json\/wp\/v2\/comments?post=19705"}],"version-history":[{"count":0,"href":"https:\/\/www.radiopresidenteibanez.cl\/web\/wp-json\/wp\/v2\/posts\/19705\/revisions"}],"wp:featuredmedia":[{"embeddable":true,"href":"https:\/\/www.radiopresidenteibanez.cl\/web\/wp-json\/wp\/v2\/media\/19706"}],"wp:attachment":[{"href":"https:\/\/www.radiopresidenteibanez.cl\/web\/wp-json\/wp\/v2\/media?parent=19705"}],"wp:term":[{"taxonomy":"category","embeddable":true,"href":"https:\/\/www.radiopresidenteibanez.cl\/web\/wp-json\/wp\/v2\/categories?post=19705"},{"taxonomy":"post_tag","embeddable":true,"href":"https:\/\/www.radiopresidenteibanez.cl\/web\/wp-json\/wp\/v2\/tags?post=19705"}],"curies":[{"name":"wp","href":"https:\/\/api.w.org\/{rel}","templated":true}]}}