{"id":19702,"date":"2021-04-02T17:02:31","date_gmt":"2021-04-02T17:02:31","guid":{"rendered":"https:\/\/www.radiopresidenteibanez.cl\/web\/?p=19702"},"modified":"2021-04-02T17:02:36","modified_gmt":"2021-04-02T17:02:36","slug":"tercera-zona-naval-evacua-a-pasajero-desde-isla-picton","status":"publish","type":"post","link":"https:\/\/www.radiopresidenteibanez.cl\/web\/tercera-zona-naval-evacua-a-pasajero-desde-isla-picton\/","title":{"rendered":"TERCERA ZONA NAVAL EVAC\u00daA A PASAJERO DESDE ISLA PICTON"},"content":{"rendered":"\n<p>A las 12:35 horas del jueves 01 de abril, el PSG Sibbald,\ndependiente del Distrito Naval Beagle zarp\u00f3 desde Puerto Williams hacia el \u00e1rea\nde Isla Picton con el prop\u00f3sito de evacuar a un tripulante de la Lancha Motor\n\u00abHerival II\u00bb, quien habr\u00eda sufrido un accidente a bordo, mientras se\nencontraba en faenas de pesca. <\/p>\n\n\n\n<p>A las 14:45 horas, ambas unidades se reunieron en Puerto\nToro para efectuar la evacuaci\u00f3n del tripulante herido, donde una vez a bordo\nel paciente fue evaluado por un enfermero naval, qui\u00e9n realiz\u00f3 una evaluaci\u00f3n\ninicial.<\/p>\n\n\n\n<p>Finalmente, a las 16:50 horas, la Unidad recal\u00f3 a puerto\nbase y la persona evacuada fue derivada al Hospital Comunitario de Puerto\nWilliams. <\/p>\n\n\n\n<p>Cabe se\u00f1alar que la evacuaci\u00f3n se realiz\u00f3 cumpliendo todos\nlos protocolos sanitarios establecidos tanto por el Ministerio de Salud como\npor la Direcci\u00f3n de Sanidad de la Armada, entre ellos el uso de equipo de\nprotecci\u00f3n personal y las &nbsp;dependencias\nespeciales aisladas habilitadas para el traslado de personas con sospecha de\nCovid-19. <\/p>\n\n\n\n<p>Al respecto, el Comandante del PSG \u201cSibbald\u201d Capit\u00e1n de\nCorbeta Enrique O&#8217;Reilly Rodr\u00edguez se\u00f1al\u00f3: \u00abcomo dotaci\u00f3n, nos llena de\norgullo haber podido contribuir a resguardar la vida humana en el mar, en un\nescenario siempre desafiante como lo son nuestras aguas australes\u00bb.<\/p>\n\n\n\n<p>De esta manera la Tercera Zona Naval y sus Unidades se\nmantienen alerta ante emergencias, y dan cumplimiento a las \u00c1reas de Misi\u00f3n\ndesignadas por el Estado a la Armada de Chile, como lo es el Resguardo de la\nSeguridad y los Intereses y aportando al Desarrollo Nacional y a la presencia\ndel Estado.<\/p>\n","protected":false},"excerpt":{"rendered":"<p>A las 12:35 horas del jueves 01 de abril, el PSG Sibbald, dependiente del Distrito Naval Beagle zarp\u00f3 desde Puerto Williams hacia el \u00e1rea de Isla Picton con el prop\u00f3sito&#8230; <a class=\"read-more\" href=\"https:\/\/www.radiopresidenteibanez.cl\/web\/tercera-zona-naval-evacua-a-pasajero-desde-isla-picton\/\">Leer m\u00e1s<\/a><\/p>\n","protected":false},"author":2,"featured_media":19703,"comment_status":"closed","ping_status":"closed","sticky":false,"template":"","format":"standard","meta":{"footnotes":""},"categories":[1],"tags":[],"class_list":["post-19702","post","type-post","status-publish","format-standard","has-post-thumbnail","hentry","category-cronica"],"_links":{"self":[{"href":"https:\/\/www.radiopresidenteibanez.cl\/web\/wp-json\/wp\/v2\/posts\/19702","targetHints":{"allow":["GET"]}}],"collection":[{"href":"https:\/\/www.radiopresidenteibanez.cl\/web\/wp-json\/wp\/v2\/posts"}],"about":[{"href":"https:\/\/www.radiopresidenteibanez.cl\/web\/wp-json\/wp\/v2\/types\/post"}],"author":[{"embeddable":true,"href":"https:\/\/www.radiopresidenteibanez.cl\/web\/wp-json\/wp\/v2\/users\/2"}],"replies":[{"embeddable":true,"href":"https:\/\/www.radiopresidenteibanez.cl\/web\/wp-json\/wp\/v2\/comments?post=19702"}],"version-history":[{"count":0,"href":"https:\/\/www.radiopresidenteibanez.cl\/web\/wp-json\/wp\/v2\/posts\/19702\/revisions"}],"wp:featuredmedia":[{"embeddable":true,"href":"https:\/\/www.radiopresidenteibanez.cl\/web\/wp-json\/wp\/v2\/media\/19703"}],"wp:attachment":[{"href":"https:\/\/www.radiopresidenteibanez.cl\/web\/wp-json\/wp\/v2\/media?parent=19702"}],"wp:term":[{"taxonomy":"category","embeddable":true,"href":"https:\/\/www.radiopresidenteibanez.cl\/web\/wp-json\/wp\/v2\/categories?post=19702"},{"taxonomy":"post_tag","embeddable":true,"href":"https:\/\/www.radiopresidenteibanez.cl\/web\/wp-json\/wp\/v2\/tags?post=19702"}],"curies":[{"name":"wp","href":"https:\/\/api.w.org\/{rel}","templated":true}]}}