{"id":19699,"date":"2021-04-02T17:00:34","date_gmt":"2021-04-02T17:00:34","guid":{"rendered":"https:\/\/www.radiopresidenteibanez.cl\/web\/?p=19699"},"modified":"2021-04-02T17:00:39","modified_gmt":"2021-04-02T17:00:39","slug":"pdi-magallanes-mantiene-fiscalizaciones-de-las-medidas-sanitarias","status":"publish","type":"post","link":"https:\/\/www.radiopresidenteibanez.cl\/web\/pdi-magallanes-mantiene-fiscalizaciones-de-las-medidas-sanitarias\/","title":{"rendered":"PDI MAGALLANES MANTIENE FISCALIZACIONES DE LAS MEDIDAS SANITARIAS"},"content":{"rendered":"\n<p>A m\u00e1s de un a\u00f1o del inicio de la pandemia en nuestro\npa\u00eds, detectives de la Polic\u00eda de Investigaciones de Chile en la regi\u00f3n de\nMagallanes y la Ant\u00e1rtica Chilena siguen desarrollando diversos operativos de\nfiscalizaci\u00f3n de las medidas decretadas por la autoridad sanitaria. <\/p>\n\n\n\n<p>Es as\u00ed que, desde marzo del a\u00f1o pasado, y sin dejar de\nlado su labor investigativa, la polic\u00eda civil ha realizado miles de controles en\nla regi\u00f3n. El 2020 un total de 694 personas fueron detenidas por la PDI por\ndelitos contra la salud p\u00fablica, mientras que en lo que va de este a\u00f1o, 105\npersonas han resultado aprendidas por este motivo, el 87% de ellas de\nnacionalidad chilena. <\/p>\n\n\n\n<p>\u201cDesde el inicio de la pandemia la PDI ha estado\napoyando a las autoridades de salud en el control de las medidas sanitarias. Estos\ncontroles no s\u00f3lo nos han permitido detectar y detener a personas en\nflagrancia, sino que tambi\u00e9n dar cumplimiento a \u00f3rdenes de aprehensi\u00f3n por\ndelitos contra la saludad p\u00fablica\u201d, indic\u00f3 el prefecto Juan Francisco Suazo,\njefe de la Prefectura Provincial Magallanes.<\/p>\n\n\n\n<p>Desde la PDI se\u00f1alaron que continuar\u00e1n efectuando\nfiscalizaciones a viajeros en el aeropuerto Carlos Ib\u00e1\u00f1ez del Campo de Punta\nArenas y en el aer\u00f3dromo Teniente Julio Gallardo de Puerto Natales, para\nverificar que se respeten las restricciones establecidas por la autoridad\nsanitaria y que adem\u00e1s est\u00e1n coordinando operativos en distintos puntos de la\nregi\u00f3n.<\/p>\n\n\n\n<p>\u201cPese a que en Magallanes varias comunas han avanzado\nde fase, la PDI seguir\u00e1 realizando fiscalizaciones en el marco de la pandemia y\nponiendo a disposici\u00f3n no s\u00f3lo el capital humano, sino que tambi\u00e9n la\ntecnolog\u00eda al servicio de las labores de control\u201d, agreg\u00f3 el prefecto Juan Francisco\nSuazo.&nbsp;&nbsp;&nbsp;&nbsp;&nbsp; <\/p>\n","protected":false},"excerpt":{"rendered":"<p>A m\u00e1s de un a\u00f1o del inicio de la pandemia en nuestro pa\u00eds, detectives de la Polic\u00eda de Investigaciones de Chile en la regi\u00f3n de Magallanes y la Ant\u00e1rtica Chilena&#8230; <a class=\"read-more\" href=\"https:\/\/www.radiopresidenteibanez.cl\/web\/pdi-magallanes-mantiene-fiscalizaciones-de-las-medidas-sanitarias\/\">Leer m\u00e1s<\/a><\/p>\n","protected":false},"author":2,"featured_media":19700,"comment_status":"closed","ping_status":"closed","sticky":false,"template":"","format":"standard","meta":{"footnotes":""},"categories":[1],"tags":[],"class_list":["post-19699","post","type-post","status-publish","format-standard","has-post-thumbnail","hentry","category-cronica"],"_links":{"self":[{"href":"https:\/\/www.radiopresidenteibanez.cl\/web\/wp-json\/wp\/v2\/posts\/19699","targetHints":{"allow":["GET"]}}],"collection":[{"href":"https:\/\/www.radiopresidenteibanez.cl\/web\/wp-json\/wp\/v2\/posts"}],"about":[{"href":"https:\/\/www.radiopresidenteibanez.cl\/web\/wp-json\/wp\/v2\/types\/post"}],"author":[{"embeddable":true,"href":"https:\/\/www.radiopresidenteibanez.cl\/web\/wp-json\/wp\/v2\/users\/2"}],"replies":[{"embeddable":true,"href":"https:\/\/www.radiopresidenteibanez.cl\/web\/wp-json\/wp\/v2\/comments?post=19699"}],"version-history":[{"count":0,"href":"https:\/\/www.radiopresidenteibanez.cl\/web\/wp-json\/wp\/v2\/posts\/19699\/revisions"}],"wp:featuredmedia":[{"embeddable":true,"href":"https:\/\/www.radiopresidenteibanez.cl\/web\/wp-json\/wp\/v2\/media\/19700"}],"wp:attachment":[{"href":"https:\/\/www.radiopresidenteibanez.cl\/web\/wp-json\/wp\/v2\/media?parent=19699"}],"wp:term":[{"taxonomy":"category","embeddable":true,"href":"https:\/\/www.radiopresidenteibanez.cl\/web\/wp-json\/wp\/v2\/categories?post=19699"},{"taxonomy":"post_tag","embeddable":true,"href":"https:\/\/www.radiopresidenteibanez.cl\/web\/wp-json\/wp\/v2\/tags?post=19699"}],"curies":[{"name":"wp","href":"https:\/\/api.w.org\/{rel}","templated":true}]}}