{"id":19697,"date":"2021-04-02T16:57:21","date_gmt":"2021-04-02T16:57:21","guid":{"rendered":"https:\/\/www.radiopresidenteibanez.cl\/web\/?p=19697"},"modified":"2021-04-02T16:57:26","modified_gmt":"2021-04-02T16:57:26","slug":"basta-ya-de-centralismo-por-juan-morano-cornejo","status":"publish","type":"post","link":"https:\/\/www.radiopresidenteibanez.cl\/web\/basta-ya-de-centralismo-por-juan-morano-cornejo\/","title":{"rendered":"\u00abBASTA YA DE CENTRALISMO\u00bb por Juan Morano Cornejo"},"content":{"rendered":"\n<p>En la presente semana, una\nvez m\u00e1s estamos viviendo en carne propia las nefastas consecuencias del\nexacerbado manejo centralista del Estado y del Gobierno en nuestro pa\u00eds, donde\ntanto confunden con supina reiteraci\u00f3n unidad nacional con uniformidad, equidad\nde criterios con criterios \u00fanicos.&nbsp; <\/p>\n\n\n\n<p>En Magallanes despu\u00e9s de un\nlargo per\u00edodo de restricciones a la actividad, a la movilidad, a los derechos\nal trabajo, a la libertad de culto, al deporte y la recreaci\u00f3n, por razones\njustificadas en la alt\u00edsima tasa de contagios y fallecimientos que nos azot\u00f3,\nest\u00e1bamos aprovechando una relajada etapa en el confuso plan de paso a paso con\nmayor soltura y recuperando nuestras libertades, que como tan claramente&nbsp; ha se\u00f1alado la Corte Suprema de Justicia, la\nautoridad s\u00f3lo puede restringir y no eliminar o prohibir, ni siquiera en forma\neventual, el estado de cat\u00e1strofe no lo faculta para eso y ha abusado cuando\nas\u00ed lo ha hecho.<\/p>\n\n\n\n<p>Por iniciativa del Gobierno,\nel parlamento est\u00e1 discutiendo el cambio de lka fecha de las elecciones\nregionales y locales, para el mes de mayo, sin que nadie pueda afirmar con\ncerteza que en esa u otra fecha las condiciones sanitarias ser\u00e1n mejores que\nlas actuales o seguir\u00e1n las altas tasas de contagios y muerte. Nadie, ninguno\nde los actores relevantes en esta discusi\u00f3n, que sepamos, ha levantado su voz\npara decir NO procede ese cambio de fecha en las regiones y comunas en que las\ncondiciones de sanitarias, hoy indican que est\u00e1n sin cuarentenas o\nrestricciones relevantes. A que se debe que las comunas de Magallanes no puedan\nelegir sus alcaldes y concejales, o las regiones que no est\u00e1n en cuarentena sus\nGobernadores&nbsp; y Constituyentes?. Si la\ncausa de la postergaci\u00f3n es la sanitaria, esa medida NO tiene sustento en\nnuestra regi\u00f3n, pero no les importa, como tampoco les import\u00f3 que tuvi\u00e9semos\nque votar, con alta tasa de contagios y en cuarentena para el plebiscito, para\nlas primarias legales o voluntarias. No import\u00f3 en ese caso la alta tasa de\ncontagio, la saturaci\u00f3n hospitalaria, etc, etc. Era en Magallanes, no era\nrelevante, no interesaba. Sab\u00edan estimadas y estimados lectores que un grupo de\nparlamentarios, intento, otra vez, de otra forma, postergar adicionalmente la\nelecci\u00f3n de las y los Gobernadores Regionales, que incre\u00edble y se dicen\nregionalistas.<\/p>\n\n\n\n<p>La Guinda de la Torta\u2026.\nMientras escribo esta columna, se est\u00e1 informando de las nuevas medidas, no se\nha se\u00f1alado que no rijan en Magallanes, son para todo el territorio nacional,\nse nos invita a una ma\u00f1ana saludable, en nuestro caso de \u201cnoche\u201d, es decir sin\nluz solar y de un sopet\u00f3n se nos instala un toque de queda, que compartimos\ncomo medida cuando las razones y las causales lo hacen necesario, pero no\nsimplemente, porque a los dem\u00e1s les corresponde, tambi\u00e9n se aplica en\nMagallanes, y esto s\u00f3lo c\u00f3mo ejemplo, hacer presente en este caso si otro\ncontundente fallo de la Il. Corte Suprema, que se\u00f1ala que no se percibe un\nmayor riesgo para la situaci\u00f3n sanitaria en que una persona circule en horas\ndel toque de queda, al menos no m\u00e1s que al circula en horas no restringidas,\npara no comparar por ejemplo el riesgo que existe al subirse a los medios de\nlocomoci\u00f3n colectiva, Taxis, Buses, Trenes, Aviones, Metro o barcos y Barcazas,\no haciendo fila para adquirir alg\u00fan bien o acceder a un servicio.<\/p>\n\n\n\n<p>Es de esperar que se\nrectifique al menos con las medidas por la pandemia y se apliquen criterios\nregionales siempre, no nos hacemos ilusi\u00f3n respecto a lo eleccionario, al\nparecer todos sienten que est\u00e1 en riesgo el Estado Unitario, si se aplican\ncriterio de l\u00f3gica y sentido com\u00fan.&nbsp; Que\nla semana venidera sea una buena semana para todos y todas, que mantengamos\nnuestra condici\u00f3n de bajas tasas de contagio y podamos seguir en esta fase.\nAlg\u00fan d\u00eda m\u00e1s pronto que tarde estar\u00e1n en funciones los y las Constituyentes y\nesperemos que la nueva constituci\u00f3n NO siga centralizando las decisiones.<\/p>\n","protected":false},"excerpt":{"rendered":"<p>En la presente semana, una vez m\u00e1s estamos viviendo en carne propia las nefastas consecuencias del exacerbado manejo centralista del Estado y del Gobierno en nuestro pa\u00eds, donde tanto confunden&#8230; <a class=\"read-more\" href=\"https:\/\/www.radiopresidenteibanez.cl\/web\/basta-ya-de-centralismo-por-juan-morano-cornejo\/\">Leer m\u00e1s<\/a><\/p>\n","protected":false},"author":2,"featured_media":1768,"comment_status":"closed","ping_status":"closed","sticky":false,"template":"","format":"standard","meta":{"footnotes":""},"categories":[1],"tags":[],"class_list":["post-19697","post","type-post","status-publish","format-standard","has-post-thumbnail","hentry","category-cronica"],"_links":{"self":[{"href":"https:\/\/www.radiopresidenteibanez.cl\/web\/wp-json\/wp\/v2\/posts\/19697","targetHints":{"allow":["GET"]}}],"collection":[{"href":"https:\/\/www.radiopresidenteibanez.cl\/web\/wp-json\/wp\/v2\/posts"}],"about":[{"href":"https:\/\/www.radiopresidenteibanez.cl\/web\/wp-json\/wp\/v2\/types\/post"}],"author":[{"embeddable":true,"href":"https:\/\/www.radiopresidenteibanez.cl\/web\/wp-json\/wp\/v2\/users\/2"}],"replies":[{"embeddable":true,"href":"https:\/\/www.radiopresidenteibanez.cl\/web\/wp-json\/wp\/v2\/comments?post=19697"}],"version-history":[{"count":0,"href":"https:\/\/www.radiopresidenteibanez.cl\/web\/wp-json\/wp\/v2\/posts\/19697\/revisions"}],"wp:featuredmedia":[{"embeddable":true,"href":"https:\/\/www.radiopresidenteibanez.cl\/web\/wp-json\/wp\/v2\/media\/1768"}],"wp:attachment":[{"href":"https:\/\/www.radiopresidenteibanez.cl\/web\/wp-json\/wp\/v2\/media?parent=19697"}],"wp:term":[{"taxonomy":"category","embeddable":true,"href":"https:\/\/www.radiopresidenteibanez.cl\/web\/wp-json\/wp\/v2\/categories?post=19697"},{"taxonomy":"post_tag","embeddable":true,"href":"https:\/\/www.radiopresidenteibanez.cl\/web\/wp-json\/wp\/v2\/tags?post=19697"}],"curies":[{"name":"wp","href":"https:\/\/api.w.org\/{rel}","templated":true}]}}