{"id":19691,"date":"2021-04-02T16:52:59","date_gmt":"2021-04-02T16:52:59","guid":{"rendered":"https:\/\/www.radiopresidenteibanez.cl\/web\/?p=19691"},"modified":"2021-04-02T16:53:04","modified_gmt":"2021-04-02T16:53:04","slug":"dideco-y-juzgado-de-policia-local-del-municipio-natalino-retornan-a-sus-dependencias-en-centro-de-la-ciudad","status":"publish","type":"post","link":"https:\/\/www.radiopresidenteibanez.cl\/web\/dideco-y-juzgado-de-policia-local-del-municipio-natalino-retornan-a-sus-dependencias-en-centro-de-la-ciudad\/","title":{"rendered":"DIDECO Y JUZGADO DE POLIC\u00cdA LOCAL DEL MUNICIPIO NATALINO RETORNAN A SUS DEPENDENCIAS EN CENTRO DE LA CIUDAD"},"content":{"rendered":"\n<p>A partir del\npr\u00f3ximo lunes 5 de abril la Direcci\u00f3n de Desarrollo Comunitario y el Juzgado de\nPolic\u00eda Local de Natales, regresar\u00e1n a sus dependencias de origen en los edificios\np\u00fablicos municipales. <\/p>\n\n\n\n<p>El retorno de\nlos departamentos municipales se enmarca despu\u00e9s del trabajo realizado de\nmanera esencial en el polideportivo de Natales, lugar en donde se concentr\u00f3 la\nentrega de canastas de alimentos, actualizaci\u00f3n de registro social de hogares y\notras ayudas sociales en general.<\/p>\n\n\n\n<p>&nbsp;Fueron cerca de 10 meses atendiendo de manera\ncontinua en dicho recinto deportivo, cumpliendo las estrictas medidas\nsanitarias para la poblaci\u00f3n. Desde la pr\u00f3xima semana volver\u00e1 a atender en el\nedificio p\u00fablico del municipio ubicado en Se\u00f1oret N\u00ba 361 de 08:00 a 13:00 hrs.<\/p>\n\n\n\n<p>En tanto, el\nJuzgado de Polic\u00eda Local, retorna a sus dependencias ubicadas en Ignacio\nCarrera Pinto N\u00ba 365 atendiendo solicitudes, consultas y dudas. Las audiencias\ncontinuar\u00e1n v\u00eda remota a trav\u00e9s de videoconferencias.<\/p>\n\n\n\n<p>Cabe recordar\nque debido a la situaci\u00f3n de pandemia que existe en nuestro pa\u00eds y de acuerdo\nal protocolo sanitario, la Municipalidad de Natales mantiene sus horarios de\natenci\u00f3n en todas las dependencias municipales de lunes a viernes desde las 8\nde la ma\u00f1ana hasta las 13 horas.<\/p>\n","protected":false},"excerpt":{"rendered":"<p>A partir del pr\u00f3ximo lunes 5 de abril la Direcci\u00f3n de Desarrollo Comunitario y el Juzgado de Polic\u00eda Local de Natales, regresar\u00e1n a sus dependencias de origen en los edificios&#8230; <a class=\"read-more\" href=\"https:\/\/www.radiopresidenteibanez.cl\/web\/dideco-y-juzgado-de-policia-local-del-municipio-natalino-retornan-a-sus-dependencias-en-centro-de-la-ciudad\/\">Leer m\u00e1s<\/a><\/p>\n","protected":false},"author":2,"featured_media":19692,"comment_status":"closed","ping_status":"closed","sticky":false,"template":"","format":"standard","meta":{"footnotes":""},"categories":[1],"tags":[],"class_list":["post-19691","post","type-post","status-publish","format-standard","has-post-thumbnail","hentry","category-cronica"],"_links":{"self":[{"href":"https:\/\/www.radiopresidenteibanez.cl\/web\/wp-json\/wp\/v2\/posts\/19691","targetHints":{"allow":["GET"]}}],"collection":[{"href":"https:\/\/www.radiopresidenteibanez.cl\/web\/wp-json\/wp\/v2\/posts"}],"about":[{"href":"https:\/\/www.radiopresidenteibanez.cl\/web\/wp-json\/wp\/v2\/types\/post"}],"author":[{"embeddable":true,"href":"https:\/\/www.radiopresidenteibanez.cl\/web\/wp-json\/wp\/v2\/users\/2"}],"replies":[{"embeddable":true,"href":"https:\/\/www.radiopresidenteibanez.cl\/web\/wp-json\/wp\/v2\/comments?post=19691"}],"version-history":[{"count":0,"href":"https:\/\/www.radiopresidenteibanez.cl\/web\/wp-json\/wp\/v2\/posts\/19691\/revisions"}],"wp:featuredmedia":[{"embeddable":true,"href":"https:\/\/www.radiopresidenteibanez.cl\/web\/wp-json\/wp\/v2\/media\/19692"}],"wp:attachment":[{"href":"https:\/\/www.radiopresidenteibanez.cl\/web\/wp-json\/wp\/v2\/media?parent=19691"}],"wp:term":[{"taxonomy":"category","embeddable":true,"href":"https:\/\/www.radiopresidenteibanez.cl\/web\/wp-json\/wp\/v2\/categories?post=19691"},{"taxonomy":"post_tag","embeddable":true,"href":"https:\/\/www.radiopresidenteibanez.cl\/web\/wp-json\/wp\/v2\/tags?post=19691"}],"curies":[{"name":"wp","href":"https:\/\/api.w.org\/{rel}","templated":true}]}}