{"id":19688,"date":"2021-04-02T16:50:04","date_gmt":"2021-04-02T16:50:04","guid":{"rendered":"https:\/\/www.radiopresidenteibanez.cl\/web\/?p=19688"},"modified":"2021-04-02T16:50:11","modified_gmt":"2021-04-02T16:50:11","slug":"seremi-de-economia-realiza-balance-de-visita-de-subsecretario-pertuze-en-el-marco-de-la-reactivacion","status":"publish","type":"post","link":"https:\/\/www.radiopresidenteibanez.cl\/web\/seremi-de-economia-realiza-balance-de-visita-de-subsecretario-pertuze-en-el-marco-de-la-reactivacion\/","title":{"rendered":"SEREMI DE ECONOM\u00cdA REALIZA BALANCE DE VISITA DE SUBSECRETARIO PERTUZ\u00c9 EN EL MARCO DE LA REACTIVACI\u00d3N"},"content":{"rendered":"\n<p>Luego de algunos d\u00edas de la visita del\nSubsecretario de Econom\u00eda y Empresas de Menor Tama\u00f1o, Julio Pertuz\u00e9 Salas, a la\nregi\u00f3n de Magallanes, la Seremi Natalia Easton realiza un balance de las\nprincipales actividades. <\/p>\n\n\n\n<p>Durante los d\u00edas 24 y 25 de marzo, el\nSubsecretario del ramo visit\u00f3 la ciudad de Punta Arenas, con una intensa agenda\nque tuvo como principales objetivos el poder abordar la reactivaci\u00f3n de la\neconom\u00eda regional, conocer la realidad que han vivido las industrias m\u00e1s\ngolpeadas por la pandemia, visibilizar casos de \u00e9xito del ecosistema regional y\nponer en valor las peculiaridades del territorio que podr\u00edan generar cambios\nradicales en miras de un desarrollo econ\u00f3mico futuro. La visita inici\u00f3 con un\nrecorrido por las nuevas obras de Zona Franca, guiadas por el Gerente General de\nSRI, Eugenio Prieto, quien dio a conocer los detalles del proyecto, el impacto\nesperado en t\u00e9rminos de generaci\u00f3n de nuevos empleos y actividad comercial,\njunto a las proyecciones de crecimiento y desarrollo que proyectan para el recinto\nfranco. Esta importante ampliaci\u00f3n, que representa una inversi\u00f3n cercana a los\nUS$5 millones, sumar\u00e1 4.500 m2 de oferta comercial, albergando a cerca de 12\nlocales nuevos, 7 islas y 3 restaurantes. Sin duda contribuir\u00e1 a impulsar la\nreactivaci\u00f3n econ\u00f3mica de la regi\u00f3n a partir del segundo semestre 2021, con el\ninicio del funcionamiento de estos nuevos espacios. En el lugar, el\nSubsecretario pudo conocer tambi\u00e9n a Ricardo Vel\u00e1squez, uno de los\nemprendedores ganadores del concurso Emprende Zona Franca, quien ya cuenta con\nsu local Festeja Todo abierto en el m\u00f3dulo central, destacando la relevancia\nque han tenido los emprendedores durante la pandemia para dar soluciones\ncreativas e innovadoras a las nuevas demandas de los consumidores en este nuevo\ncontexto.&nbsp;&nbsp; <\/p>\n\n\n\n<p>Avanzando en la agenda, el Subsecretario\ny la Seremi se dirigieron a la tradicional calle O\u2019Higgins, centro neur\u00e1lgico de\nla gastronom\u00eda de la capital regional, donde se reunieron con Jaime Jelincic,\npresidente de la Asociaci\u00f3n de Gastron\u00f3micos de Punta Arenas, y Paola\nMilosevic, presidente de la Asociaci\u00f3n Magall\u00e1nica de Empresas de Turismo Austro\nChile, quienes expresaron sus principales inquietudes y sugerencias para lograr\nuna reactivaci\u00f3n responsable del destino y la industria, una de las m\u00e1s\ngolpeadas por la pandemia y que contribuye en forma significativa a la\nactividad productiva local.<\/p>\n\n\n\n<p>La agenda de la autoridad tambi\u00e9n\ncontempl\u00f3 la visita a dos ic\u00f3nicos emprendedores regionales que han demostrado que\ndesde Magallanes es posible innovar, aplicar tecnolog\u00eda y dar soluciones a\nproblem\u00e1ticas tanto locales como nacionales e internacionales. Uno de ellos es\nLuis Alvarado, CEO de Meb Patagonia, quien entrega soluciones documentales\nintegrales siguiendo est\u00e1ndares de calidad mediante digitalizaci\u00f3n rob\u00f3tica, utilizando\nequipamiento \u00fanico en Latinoam\u00e9rica. &nbsp;Que\npermite digitalizar 3.000 hojas por hora, aplicando inteligencia artificial al\ndocumento y generando metadatos para su gesti\u00f3n bajo est\u00e1ndares archiv\u00edsticos\ninternacionales. Junto con ello, Luis desarroll\u00f3 Pedidos Magallanes, primera\nplataforma de comercio electr\u00f3nico gratuita de la regi\u00f3n, la cual signific\u00f3 un\ngran aporte para las mipymes de Puerto Natales y Punta Arenas en el contexto de\npandemia y, en especial, durante las prolongadas cuarentenas que vivieron estas\ncomunas. Hoy en d\u00eda Pedidos Magallanes cuenta con m\u00e1s de 600 mipymes adheridas,\ncomercializando m\u00e1s de 2.000 productos y servicios. <\/p>\n\n\n\n<p>Tambi\u00e9n visitaron las instalaciones de\nPatagonia Blend, empresa regional dedicada a la tostadur\u00eda de caf\u00e9 de\nespecialidad y elaboraci\u00f3n de t\u00e9 en hebras con frutos deshidratados de la\nPatagonia. El proyecto busca generar una oferta local de un caf\u00e9 de especialidad,\nfresco y que mantenga la identidad de la Patagonia como desarrollo de marca. En\nel lugar, Sebasti\u00e1n Mart\u00ednez, due\u00f1o de la empresa, explic\u00f3 al Subsecretario c\u00f3mo\nfuncionan los diferentes procesos productivos y comerciales, que inician con la\nselecci\u00f3n de los granos en fincas del extranjero, luego se procesan, tuestan y\nperfilan en Punta Arenas, otorg\u00e1ndole as\u00ed la intensidad necesaria en el aroma,\ncuerpo, acidez y sabor, para ofrecerlo con \u201cidentidad patag\u00f3nica\u201d.<\/p>\n\n\n\n<p>Al respecto, la Seremi Natalia Easton\nindic\u00f3: \u201cEstamos muy contentos de la visita del Subsecretario a Magallanes, ya\nque es fundamental mostrar en terreno la realidad de nuestro territorio austral\ny las particularidades de sus principales industrias. Sabemos que contamos con\nsu total compromiso para continuar avanzando en los grandes desaf\u00edos que\ntenemos como territorio para aprovechar las ventajas de nuestras condiciones geogr\u00e1ficas\ny clim\u00e1ticas para capitalizarlas y contribuir a una matriz productiva m\u00e1s\ndiversificada, con un fuerte \u00e9nfasis en innovaci\u00f3n, energ\u00edas verdes y\nvinculaci\u00f3n con la ciencia y Ant\u00e1rtica\u201d.<\/p>\n","protected":false},"excerpt":{"rendered":"<p>Luego de algunos d\u00edas de la visita del Subsecretario de Econom\u00eda y Empresas de Menor Tama\u00f1o, Julio Pertuz\u00e9 Salas, a la regi\u00f3n de Magallanes, la Seremi Natalia Easton realiza un&#8230; <a class=\"read-more\" href=\"https:\/\/www.radiopresidenteibanez.cl\/web\/seremi-de-economia-realiza-balance-de-visita-de-subsecretario-pertuze-en-el-marco-de-la-reactivacion\/\">Leer m\u00e1s<\/a><\/p>\n","protected":false},"author":2,"featured_media":19689,"comment_status":"closed","ping_status":"closed","sticky":false,"template":"","format":"standard","meta":{"footnotes":""},"categories":[1],"tags":[],"class_list":["post-19688","post","type-post","status-publish","format-standard","has-post-thumbnail","hentry","category-cronica"],"_links":{"self":[{"href":"https:\/\/www.radiopresidenteibanez.cl\/web\/wp-json\/wp\/v2\/posts\/19688","targetHints":{"allow":["GET"]}}],"collection":[{"href":"https:\/\/www.radiopresidenteibanez.cl\/web\/wp-json\/wp\/v2\/posts"}],"about":[{"href":"https:\/\/www.radiopresidenteibanez.cl\/web\/wp-json\/wp\/v2\/types\/post"}],"author":[{"embeddable":true,"href":"https:\/\/www.radiopresidenteibanez.cl\/web\/wp-json\/wp\/v2\/users\/2"}],"replies":[{"embeddable":true,"href":"https:\/\/www.radiopresidenteibanez.cl\/web\/wp-json\/wp\/v2\/comments?post=19688"}],"version-history":[{"count":0,"href":"https:\/\/www.radiopresidenteibanez.cl\/web\/wp-json\/wp\/v2\/posts\/19688\/revisions"}],"wp:featuredmedia":[{"embeddable":true,"href":"https:\/\/www.radiopresidenteibanez.cl\/web\/wp-json\/wp\/v2\/media\/19689"}],"wp:attachment":[{"href":"https:\/\/www.radiopresidenteibanez.cl\/web\/wp-json\/wp\/v2\/media?parent=19688"}],"wp:term":[{"taxonomy":"category","embeddable":true,"href":"https:\/\/www.radiopresidenteibanez.cl\/web\/wp-json\/wp\/v2\/categories?post=19688"},{"taxonomy":"post_tag","embeddable":true,"href":"https:\/\/www.radiopresidenteibanez.cl\/web\/wp-json\/wp\/v2\/tags?post=19688"}],"curies":[{"name":"wp","href":"https:\/\/api.w.org\/{rel}","templated":true}]}}