{"id":19685,"date":"2021-04-02T16:47:57","date_gmt":"2021-04-02T16:47:57","guid":{"rendered":"https:\/\/www.radiopresidenteibanez.cl\/web\/?p=19685"},"modified":"2021-04-02T16:48:03","modified_gmt":"2021-04-02T16:48:03","slug":"estudiantes-de-rio-verde-reciben-tesoros-del-estrecho","status":"publish","type":"post","link":"https:\/\/www.radiopresidenteibanez.cl\/web\/estudiantes-de-rio-verde-reciben-tesoros-del-estrecho\/","title":{"rendered":"ESTUDIANTES DE R\u00cdO VERDE RECIBEN \u00abTESOROS DEL ESTRECHO\u00bb"},"content":{"rendered":"\n<p>En el marco de una iniciativa impulsada por la Seremi\nde las Culturas, las Artes y el Patrimonio, a trav\u00e9s del programa\nFortalecimiento de la Identidad Cultural Regional, ni\u00f1as y ni\u00f1os de la comuna\nde R\u00edo Verde recibieron los maletines \u00abTesoros del Estrecho\u201d.<\/p>\n\n\n\n<p>Este mi\u00e9rcoles la titular de la cartera, Katherine\nIbacache, se traslad\u00f3 hasta esa localidad para hacer entrega del material que\nbeneficiar\u00e1 a trece estudiantes de la escuela Bernardo de Bruyne.<\/p>\n\n\n\n<p>\u00abEsta es una iniciativa que implementamos el\na\u00f1o pasado y que tiene como prop\u00f3sito generar acceso de la comunidad, especialmente\na ni\u00f1as y ni\u00f1os, a los bienes art\u00edsticos y culturales de autores regionales.\nEstamos vinculando a creadores locales con la ciudadan\u00eda y dando cumplimiento a\nla pol\u00edtica cultural, en lo que respecta a favorecer la cobertura territorial, priorizando\na las zonas aisladas\u201d, dijo la autoridad.<\/p>\n\n\n\n<p>La directora del establecimiento educacional de R\u00edo\nVerde, Stefany \u00c1lvarez, junto con agradecer la llegada de los maletines, coment\u00f3\nque ser\u00e1n un incentivo para el alumnado. \u201cEstimamos que les va a beneficiar\nbastante, considerando el material que incluye y que es muy diverso. Adem\u00e1s,\nsobre todo en este tiempo, recibir un regalito es maravilloso para los ni\u00f1os.\nPor tanto, creo que es una muy buena iniciativa\u201d, precis\u00f3.<\/p>\n\n\n\n<p>Para el sostenedor del centro educativo Eduardo\nSalazar, contar con obras de artistas regionales es un aporte en los procesos\nde aprendizaje. \u201cEstos contenidos ayudan al aprendizaje continuo de los ni\u00f1os,\nm\u00e1s a\u00fan en estos momentos de pandemia, por cuanto les brinda un poco de alegr\u00eda\ny la posibilidad de generar espacios que unen al grupo familiar\u201d. <\/p>\n\n\n\n<p>Maletines culturales \u201cTesoros del Estrecho\u201d contempla\nla distribuci\u00f3n de 558 set destinados a ni\u00f1as, ni\u00f1os, j\u00f3venes y adultos mayores\nde las comunas de Torres del Payne, Natales, Cabo de Hornos, Primavera,\nTimaukel, San Gregorio, Laguna Blanca, R\u00edo Verde y Punta Arenas. Contienen piezas de artesan\u00eda,\ntextos de autores regionales, acuarelas, pinceles y juegos did\u00e1cticos. <\/p>\n\n\n\n<p>Destacan libros como \u201cSer\u00e1 el para\u00edso\u201d, de Pavel Oyarz\u00fan; \u201cPatagonia m\u00eda\u201d, Mar\u00eda Valentina\nArriagada; \u201cCabo de Hornos\u201d, Francisco Coloane; \u201cPaganas patagonias\u201d, \u00d3scar\nBarrientos; \u201cCorrer tras el viento\u201d, Ram\u00f3n D\u00edaz Eterovic; \u201c\u00daltima Esperanza en\nel tiempo\u201d, Mateo Martinic, y \u201c1520 cuentos del Estrecho de Magallanes\u201d,\nPatricia Stambuk. <\/p>\n","protected":false},"excerpt":{"rendered":"<p>En el marco de una iniciativa impulsada por la Seremi de las Culturas, las Artes y el Patrimonio, a trav\u00e9s del programa Fortalecimiento de la Identidad Cultural Regional, ni\u00f1as y&#8230; <a class=\"read-more\" href=\"https:\/\/www.radiopresidenteibanez.cl\/web\/estudiantes-de-rio-verde-reciben-tesoros-del-estrecho\/\">Leer m\u00e1s<\/a><\/p>\n","protected":false},"author":2,"featured_media":19686,"comment_status":"closed","ping_status":"closed","sticky":false,"template":"","format":"standard","meta":{"footnotes":""},"categories":[1],"tags":[],"class_list":["post-19685","post","type-post","status-publish","format-standard","has-post-thumbnail","hentry","category-cronica"],"_links":{"self":[{"href":"https:\/\/www.radiopresidenteibanez.cl\/web\/wp-json\/wp\/v2\/posts\/19685","targetHints":{"allow":["GET"]}}],"collection":[{"href":"https:\/\/www.radiopresidenteibanez.cl\/web\/wp-json\/wp\/v2\/posts"}],"about":[{"href":"https:\/\/www.radiopresidenteibanez.cl\/web\/wp-json\/wp\/v2\/types\/post"}],"author":[{"embeddable":true,"href":"https:\/\/www.radiopresidenteibanez.cl\/web\/wp-json\/wp\/v2\/users\/2"}],"replies":[{"embeddable":true,"href":"https:\/\/www.radiopresidenteibanez.cl\/web\/wp-json\/wp\/v2\/comments?post=19685"}],"version-history":[{"count":0,"href":"https:\/\/www.radiopresidenteibanez.cl\/web\/wp-json\/wp\/v2\/posts\/19685\/revisions"}],"wp:featuredmedia":[{"embeddable":true,"href":"https:\/\/www.radiopresidenteibanez.cl\/web\/wp-json\/wp\/v2\/media\/19686"}],"wp:attachment":[{"href":"https:\/\/www.radiopresidenteibanez.cl\/web\/wp-json\/wp\/v2\/media?parent=19685"}],"wp:term":[{"taxonomy":"category","embeddable":true,"href":"https:\/\/www.radiopresidenteibanez.cl\/web\/wp-json\/wp\/v2\/categories?post=19685"},{"taxonomy":"post_tag","embeddable":true,"href":"https:\/\/www.radiopresidenteibanez.cl\/web\/wp-json\/wp\/v2\/tags?post=19685"}],"curies":[{"name":"wp","href":"https:\/\/api.w.org\/{rel}","templated":true}]}}