{"id":19682,"date":"2021-04-02T16:46:27","date_gmt":"2021-04-02T16:46:27","guid":{"rendered":"https:\/\/www.radiopresidenteibanez.cl\/web\/?p=19682"},"modified":"2021-04-02T16:46:32","modified_gmt":"2021-04-02T16:46:32","slug":"inia-kampenaike-invita-a-la-comunidad-a-participar-de-su-2-ciclo-de-charlas-virtuales","status":"publish","type":"post","link":"https:\/\/www.radiopresidenteibanez.cl\/web\/inia-kampenaike-invita-a-la-comunidad-a-participar-de-su-2-ciclo-de-charlas-virtuales\/","title":{"rendered":"INIA KAMPENAIKE INVITA A LA COMUNIDAD A PARTICIPAR DE SU 2\u00b0 CICLO DE CHARLAS VIRTUALES"},"content":{"rendered":"\n<p>Luego de la gran\nrecepci\u00f3n que tuvieron los <em>webinar<\/em>\norganizados por el Centro de Investigaciones INIA Kampenaike durante el 2020,\nlas investigadoras e investigadores &nbsp;del\nCRI, han preparado el 2\u00b0 Ciclo de Charlas Virtuales INIA Kampenaike.<\/p>\n\n\n\n<p>El ciclo inicia el\nmartes 6 de abril con una interesante charla sobre la cosecha de papas en\nMagallanes, dictada por el encargado t\u00e9cnico del \u201cPrograma de Transferencia y\nAplicaci\u00f3n de Tecnolog\u00eda para potenciar la producci\u00f3n de papas en la\nAgricultura de Magallanes\u201d, Nicol\u00e1s Ojeda F., que tendr\u00e1 como moderadora a la\ncoordinadora del Programa, Carolla Mart\u00ednez A.<\/p>\n\n\n\n<p>\u201cEl a\u00f1o pasado la\ncrisis sanitaria nos puso varios desaf\u00edos por delante para desarrollar nuestras\nactividades presenciales. Es as\u00ed que como instituci\u00f3n decidimos que no pod\u00edamos\ndejar de hacer una de nuestras tareas fundamentales: la transferencia de\nnuestros paquetes tecnol\u00f3gicos. Gracias a internet y los soportes en l\u00ednea,\npudimos sortear este obst\u00e1culo y logramos llegar a m\u00e1s de tres mil personas,\nquienes nos siguieron charla tras charla\u201d, destac\u00f3 Francisco Sales Z., director\ndel centro regional INIA Kampenaike.<\/p>\n\n\n\n<p>Seg\u00fan los\nresultados de las evaluaciones posteriores a la realizaci\u00f3n de las charlas,\nfueron m\u00e1s de 3 mil personas las que participaron del ciclo. Y gracias a la\ntecnolog\u00eda, se unieron oyentes de todas partes del pa\u00eds y del mundo. <\/p>\n\n\n\n<p>Tambi\u00e9n, como\nresultado de las encuestas realizadas luego de cada sesi\u00f3n, se concluy\u00f3 que los\nparticipantes quer\u00edan seguir aprendiendo y participando de este tipo de\nactividad en l\u00ednea, \u201cy por eso se decidi\u00f3 realizar este segundo ciclo\u201d, explic\u00f3\nel director regional.<\/p>\n\n\n\n<p>Tal como el a\u00f1o\npasado, las charlas se realizar\u00e1n los d\u00edas martes a las 16 horas (de\nMagallanes). La diferencia radica en que ser\u00e1n s\u00f3lo dos martes al mes y se\nusar\u00e1 la plataforma Zoom para acceder. Quienes est\u00e9n interesados\/as en\nparticipar deben inscribirse a trav\u00e9s de un formulario de Google que estar\u00e1\npublicado en nuestra Fan Page de Facebook: <strong>INIA Kampenaike<\/strong> y en Twitter: <strong>@Inia_Kampenaike<\/strong><strong><\/strong><\/p>\n\n\n\n<p>Tambi\u00e9n puedes suscribirte a nuestro bolet\u00edn mensual y\nrecibir en tu correo el calendario de charlas del mes y los formularios para\ninscribirte. S\u00f3lo debes escribirnos a <a href=\"mailto:comunicacioneskampenaike@inia.cl\">comunicacioneskampenaike@inia.cl<\/a> se\u00f1alando que quieres\nsuscribirte al bolet\u00edn mensual. <\/p>\n","protected":false},"excerpt":{"rendered":"<p>Luego de la gran recepci\u00f3n que tuvieron los webinar organizados por el Centro de Investigaciones INIA Kampenaike durante el 2020, las investigadoras e investigadores &nbsp;del CRI, han preparado el 2\u00b0&#8230; <a class=\"read-more\" href=\"https:\/\/www.radiopresidenteibanez.cl\/web\/inia-kampenaike-invita-a-la-comunidad-a-participar-de-su-2-ciclo-de-charlas-virtuales\/\">Leer m\u00e1s<\/a><\/p>\n","protected":false},"author":2,"featured_media":19683,"comment_status":"closed","ping_status":"closed","sticky":false,"template":"","format":"standard","meta":{"footnotes":""},"categories":[1],"tags":[],"class_list":["post-19682","post","type-post","status-publish","format-standard","has-post-thumbnail","hentry","category-cronica"],"_links":{"self":[{"href":"https:\/\/www.radiopresidenteibanez.cl\/web\/wp-json\/wp\/v2\/posts\/19682","targetHints":{"allow":["GET"]}}],"collection":[{"href":"https:\/\/www.radiopresidenteibanez.cl\/web\/wp-json\/wp\/v2\/posts"}],"about":[{"href":"https:\/\/www.radiopresidenteibanez.cl\/web\/wp-json\/wp\/v2\/types\/post"}],"author":[{"embeddable":true,"href":"https:\/\/www.radiopresidenteibanez.cl\/web\/wp-json\/wp\/v2\/users\/2"}],"replies":[{"embeddable":true,"href":"https:\/\/www.radiopresidenteibanez.cl\/web\/wp-json\/wp\/v2\/comments?post=19682"}],"version-history":[{"count":0,"href":"https:\/\/www.radiopresidenteibanez.cl\/web\/wp-json\/wp\/v2\/posts\/19682\/revisions"}],"wp:featuredmedia":[{"embeddable":true,"href":"https:\/\/www.radiopresidenteibanez.cl\/web\/wp-json\/wp\/v2\/media\/19683"}],"wp:attachment":[{"href":"https:\/\/www.radiopresidenteibanez.cl\/web\/wp-json\/wp\/v2\/media?parent=19682"}],"wp:term":[{"taxonomy":"category","embeddable":true,"href":"https:\/\/www.radiopresidenteibanez.cl\/web\/wp-json\/wp\/v2\/categories?post=19682"},{"taxonomy":"post_tag","embeddable":true,"href":"https:\/\/www.radiopresidenteibanez.cl\/web\/wp-json\/wp\/v2\/tags?post=19682"}],"curies":[{"name":"wp","href":"https:\/\/api.w.org\/{rel}","templated":true}]}}