{"id":19679,"date":"2021-04-02T16:44:07","date_gmt":"2021-04-02T16:44:07","guid":{"rendered":"https:\/\/www.radiopresidenteibanez.cl\/web\/?p=19679"},"modified":"2021-04-02T16:44:13","modified_gmt":"2021-04-02T16:44:13","slug":"estudiantes-tecnico-profesionales-de-turismo-finalizaron-practica-profesional-100-online","status":"publish","type":"post","link":"https:\/\/www.radiopresidenteibanez.cl\/web\/estudiantes-tecnico-profesionales-de-turismo-finalizaron-practica-profesional-100-online\/","title":{"rendered":"ESTUDIANTES T\u00c9CNICO-PROFESIONALES DE TURISMO FINALIZARON PR\u00c1CTICA PROFESIONAL 100% ONLINE"},"content":{"rendered":"\n<p>Durante 2020, el Ministerio de Educaci\u00f3n flexibiliz\u00f3 la normativa que regula las pr\u00e1cticas profesionales y el proceso titulaci\u00f3n de estudiantes de los liceos T\u00e9cnico-Profesionales (TP), con el fin de entregar m\u00e1s posibilidades de concretar esa instancia y facilitar la titulaci\u00f3n de los alumnos egresados de 4\u00b0 medio, en contexto de pandemia.<\/p>\n\n\n\n<p>La medida contribuy\u00f3 a que de forma in\u00e9dita la red Futuro T\u00e9cnico Magallanes, implementada por la Secretar\u00eda Regional Ministerial de Educaci\u00f3n y ONG Canales, motivara a las empresas locales y establecimientos TP a generar instancias de pr\u00e1cticas profesionales, de manera remota y flexible durante el verano; iniciativa que fue aprovechada por nueve estudiantes de la especialidad T\u00e9cnico en Turismo del Liceo Polivalente Sara Braun de Punta Arenas, quienes realizaron con \u00e9xito su pr\u00e1ctica profesional en modalidad 100% virtual en la empresa Patagonia MTB Trails.<\/p>\n\n\n\n<p>La pr\u00e1ctica contempl\u00f3 180 horas en total, a trav\u00e9s de los m\u00f3dulos de aprendizaje; dise\u00f1o de rutas, publicidad, b\u00fasqueda nuevos mercados, community manager y brenchmarking. Luego de dos semanas, los alumnos vivieron situaciones reales como atender clientes, realizar reservar y buscar nuevas rutas para incluir en los programas de la empresa.<\/p>\n\n\n\n<p>\u201cMe gust\u00f3 que nos dieran la oportunidad de hacer la pr\u00e1ctica profesional online, porque nos adaptamos a lo que estaba pasando y pudimos aprender igual a trabajar de una manera distinta. Pens\u00e9 que iba ser m\u00e1s estresante, pero los jefes de grupos que ten\u00edamos supieron guiarnos y poner en pr\u00e1ctica lo que hab\u00edamos aprendido durante el a\u00f1o en nuestras clases online\u201d, expres\u00f3&nbsp;<strong>Janely Santana, estudiante del Liceo Polivalente Sara Braun de Punta Arenas,<\/strong>&nbsp;beneficiada por el convenio y una de las j\u00f3venes destacadas en el proceso .<\/p>\n\n\n\n<p>El&nbsp;<strong>Seremi de Educaci\u00f3n de Magallanes, Rodrigo Sep\u00falveda Tagle<\/strong>, sostuvo que \u201ccomo ministerio decidimos apoyar todas aquellas iniciativas que permitieran potenciar la Educaci\u00f3n T\u00e9cnico Profesional (TP), con el objetivo de abrir espacios para facilitar la articulaci\u00f3n, promover la oferta de pr\u00e1cticas profesionales y el ingreso al mundo laboral en contexto de pandemia. Para ello, buscamos la forma de adaptar las pr\u00e1cticas profesionales a la contingencia y sumamos una serie de acciones que respondieron al compromiso de este gobierno con la formaci\u00f3n t\u00e9cnica, que finalmente consigui\u00f3 el acercamiento del sector productivo a los j\u00f3venes abriendo las puertas a mayores oportunidades para su futuro\u201d.<\/p>\n\n\n\n<p>Por su parte,<strong>&nbsp;Javier Aguilar, due\u00f1o y fundador de Patagonia MTB Trails<\/strong>, coment\u00f3 la metodolog\u00eda de pr\u00e1ctica implementada por la empresa. \u201cSe realiz\u00f3 una evaluaci\u00f3n de conocimientos, una pauta de trabajo acordada entre todos y una implementaci\u00f3n de casos reales para el trabajo de las habilidades de los estudiantes. Se dividi\u00f3 al grupo de nueve estudiantes en dos grupos, dentro de los cuales usamos el formato de educaci\u00f3n dual y rotativa para que todos los alumnos pudiesen tener el aprendizaje planteado y aplicar los conocimientos adquiridos en el colegio y los nuevos conocimientos entregados por la empresa\u201d, explic\u00f3. Aguilar, adem\u00e1s, destac\u00f3 el compromiso y participaci\u00f3n de los estudiantes. \u201cCreo que el ser parte de la formaci\u00f3n de personas, es m\u00e1s importante que la formaci\u00f3n de profesionales. Espero que los conocimientos entregados, los ejemplos, las exigencias y los valores, sean herramientas que los alumnos puedan usar en su d\u00eda a d\u00eda y ser mejores personas. Todos los alumnos que participaron tienen un tremendo potencial profesional, pero sin duda tenemos dos alumnas destacadas a las cuales les ofrecimos ser mentores durante la continuaci\u00f3n de sus estudios\u201d, coment\u00f3 el profesional.<\/p>\n\n\n\n<p>Esta iniciativa surge en el marco del trabajo impulsado por la red Futuro T\u00e9cnico Magallanes, en el encuentro tem\u00e1tico del nodo de Turismo realizado el a\u00f1o pasado, donde empresas y liceos dialogaron y compartieron estrategias para encontrar nuevas instancias que potencien las pr\u00e1cticas profesionales de los estudiantes t\u00e9cnicos de la regi\u00f3n.<\/p>\n","protected":false},"excerpt":{"rendered":"<p>Durante 2020, el Ministerio de Educaci\u00f3n flexibiliz\u00f3 la normativa que regula las pr\u00e1cticas profesionales y el proceso titulaci\u00f3n de estudiantes de los liceos T\u00e9cnico-Profesionales (TP), con el fin de entregar&#8230; <a class=\"read-more\" href=\"https:\/\/www.radiopresidenteibanez.cl\/web\/estudiantes-tecnico-profesionales-de-turismo-finalizaron-practica-profesional-100-online\/\">Leer m\u00e1s<\/a><\/p>\n","protected":false},"author":2,"featured_media":19680,"comment_status":"closed","ping_status":"closed","sticky":false,"template":"","format":"standard","meta":{"footnotes":""},"categories":[1],"tags":[],"class_list":["post-19679","post","type-post","status-publish","format-standard","has-post-thumbnail","hentry","category-cronica"],"_links":{"self":[{"href":"https:\/\/www.radiopresidenteibanez.cl\/web\/wp-json\/wp\/v2\/posts\/19679","targetHints":{"allow":["GET"]}}],"collection":[{"href":"https:\/\/www.radiopresidenteibanez.cl\/web\/wp-json\/wp\/v2\/posts"}],"about":[{"href":"https:\/\/www.radiopresidenteibanez.cl\/web\/wp-json\/wp\/v2\/types\/post"}],"author":[{"embeddable":true,"href":"https:\/\/www.radiopresidenteibanez.cl\/web\/wp-json\/wp\/v2\/users\/2"}],"replies":[{"embeddable":true,"href":"https:\/\/www.radiopresidenteibanez.cl\/web\/wp-json\/wp\/v2\/comments?post=19679"}],"version-history":[{"count":0,"href":"https:\/\/www.radiopresidenteibanez.cl\/web\/wp-json\/wp\/v2\/posts\/19679\/revisions"}],"wp:featuredmedia":[{"embeddable":true,"href":"https:\/\/www.radiopresidenteibanez.cl\/web\/wp-json\/wp\/v2\/media\/19680"}],"wp:attachment":[{"href":"https:\/\/www.radiopresidenteibanez.cl\/web\/wp-json\/wp\/v2\/media?parent=19679"}],"wp:term":[{"taxonomy":"category","embeddable":true,"href":"https:\/\/www.radiopresidenteibanez.cl\/web\/wp-json\/wp\/v2\/categories?post=19679"},{"taxonomy":"post_tag","embeddable":true,"href":"https:\/\/www.radiopresidenteibanez.cl\/web\/wp-json\/wp\/v2\/tags?post=19679"}],"curies":[{"name":"wp","href":"https:\/\/api.w.org\/{rel}","templated":true}]}}