{"id":19677,"date":"2021-04-02T16:41:43","date_gmt":"2021-04-02T16:41:43","guid":{"rendered":"https:\/\/www.radiopresidenteibanez.cl\/web\/?p=19677"},"modified":"2021-04-02T16:41:48","modified_gmt":"2021-04-02T16:41:48","slug":"alejandro-riquelme-presidente-de-las-multigremial-magallanes-muestra-su-preocupacion-ante-la-tasa-de-desempleo-publicada-por-el-ine","status":"publish","type":"post","link":"https:\/\/www.radiopresidenteibanez.cl\/web\/alejandro-riquelme-presidente-de-las-multigremial-magallanes-muestra-su-preocupacion-ante-la-tasa-de-desempleo-publicada-por-el-ine\/","title":{"rendered":"ALEJANDRO RIQUELME, PRESIDENTE DE LAS MULTIGREMIAL MAGALLANES MUESTRA SU PREOCUPACI\u00d3N ANTE LA TASA DE DESEMPLEO PUBLICADA POR EL INE"},"content":{"rendered":"\n<p>\u201cLa tasa de\ndesempleo de 10,3% en el trimestre m\u00f3vil diciembre-febrero preocupa porque\nrefleja un mercado laboral bajo mucha presi\u00f3n que no logra reactivarse,\nmanteniendo a casi un mill\u00f3n de personas desocupadas principalmente por la nula\nactividad econ\u00f3mica de sectores relevantes de las MiPymes como comercio,\nhoteler\u00eda y gastronom\u00eda a nivel&nbsp;nacional y donde la regi\u00f3n de Magallanes\nno es la excepci\u00f3n.\u201d Indic\u00f3 Riquelme.&nbsp; &nbsp;&nbsp;<\/p>\n\n\n\n<p>\u201cEn ese sentido,\nvaloramos la medida adoptada por el Banco Central de mantener la tasa en su\nm\u00ednimo t\u00e9cnico de 0,5%, por lo que esperamos que estas bajas tasas se puedan\ntraducir en cr\u00e9ditos Fogape m\u00e1s econ\u00f3micos que permitan dar impulso a la\nrecuperaci\u00f3n econ\u00f3mica\u201d, Puntualiz\u00f3 Alejandro Riquelme, presidente Multigremial\nde Magallanes.<\/p>\n","protected":false},"excerpt":{"rendered":"<p>\u201cLa tasa de desempleo de 10,3% en el trimestre m\u00f3vil diciembre-febrero preocupa porque refleja un mercado laboral bajo mucha presi\u00f3n que no logra reactivarse, manteniendo a casi un mill\u00f3n de&#8230; <a class=\"read-more\" href=\"https:\/\/www.radiopresidenteibanez.cl\/web\/alejandro-riquelme-presidente-de-las-multigremial-magallanes-muestra-su-preocupacion-ante-la-tasa-de-desempleo-publicada-por-el-ine\/\">Leer m\u00e1s<\/a><\/p>\n","protected":false},"author":2,"featured_media":11669,"comment_status":"closed","ping_status":"closed","sticky":false,"template":"","format":"standard","meta":{"footnotes":""},"categories":[1],"tags":[],"class_list":["post-19677","post","type-post","status-publish","format-standard","has-post-thumbnail","hentry","category-cronica"],"_links":{"self":[{"href":"https:\/\/www.radiopresidenteibanez.cl\/web\/wp-json\/wp\/v2\/posts\/19677","targetHints":{"allow":["GET"]}}],"collection":[{"href":"https:\/\/www.radiopresidenteibanez.cl\/web\/wp-json\/wp\/v2\/posts"}],"about":[{"href":"https:\/\/www.radiopresidenteibanez.cl\/web\/wp-json\/wp\/v2\/types\/post"}],"author":[{"embeddable":true,"href":"https:\/\/www.radiopresidenteibanez.cl\/web\/wp-json\/wp\/v2\/users\/2"}],"replies":[{"embeddable":true,"href":"https:\/\/www.radiopresidenteibanez.cl\/web\/wp-json\/wp\/v2\/comments?post=19677"}],"version-history":[{"count":0,"href":"https:\/\/www.radiopresidenteibanez.cl\/web\/wp-json\/wp\/v2\/posts\/19677\/revisions"}],"wp:featuredmedia":[{"embeddable":true,"href":"https:\/\/www.radiopresidenteibanez.cl\/web\/wp-json\/wp\/v2\/media\/11669"}],"wp:attachment":[{"href":"https:\/\/www.radiopresidenteibanez.cl\/web\/wp-json\/wp\/v2\/media?parent=19677"}],"wp:term":[{"taxonomy":"category","embeddable":true,"href":"https:\/\/www.radiopresidenteibanez.cl\/web\/wp-json\/wp\/v2\/categories?post=19677"},{"taxonomy":"post_tag","embeddable":true,"href":"https:\/\/www.radiopresidenteibanez.cl\/web\/wp-json\/wp\/v2\/tags?post=19677"}],"curies":[{"name":"wp","href":"https:\/\/api.w.org\/{rel}","templated":true}]}}