{"id":19671,"date":"2021-04-01T15:39:37","date_gmt":"2021-04-01T15:39:37","guid":{"rendered":"https:\/\/www.radiopresidenteibanez.cl\/web\/?p=19671"},"modified":"2021-04-01T15:39:42","modified_gmt":"2021-04-01T15:39:42","slug":"cuatro-universidades-regionales-forman-primer-observatorio-de-la-descentralizacion-en-el-sur-austral","status":"publish","type":"post","link":"https:\/\/www.radiopresidenteibanez.cl\/web\/cuatro-universidades-regionales-forman-primer-observatorio-de-la-descentralizacion-en-el-sur-austral\/","title":{"rendered":"CUATRO UNIVERSIDADES REGIONALES FORMAN PRIMER OBSERVATORIO DE LA DESCENTRALIZACI\u00d3N EN EL SUR AUSTRAL"},"content":{"rendered":"\n<p>Los cambios introducidos por la Ley de Fortalecimiento de la Regionalizaci\u00f3n en Chile, promulgada en enero de 2020, conlleva una serie de desaf\u00edos para la actual institucionalidad.<\/p>\n\n\n\n<p>Un ejemplo de ello ocurrir\u00e1 este a\u00f1o con la elecci\u00f3n ciudadana de las y los Gobernadores Regionales, que reemplazar\u00e1 a los actuales Intendentes, pero que a su vez cohabitar\u00e1 con una nueva figura, el Delegado Presidencial Regional, quien tendr\u00e1 atribuciones y competencias similares a la de la autoridad electa.<\/p>\n\n\n\n<p>Estos cambios requieren ser monitoreados de manera permanente, a fin de proponer alternativas o mejoras a las pol\u00edticas p\u00fablicas. Por ello las universidades Austral de Chile, de Los Lagos, de Ays\u00e9n y de Magallanes se han unido para conformar el Observatorio de la Descentralizaci\u00f3n en el Sur Austral.<\/p>\n\n\n\n<p>La Rectora de la Universidad de Ays\u00e9n, Natacha Pino Acu\u00f1a, explic\u00f3 que los objetivos de este consorcio de instituciones de educaci\u00f3n superior regional son \u201cel monitoreo del proceso de instalaci\u00f3n de los y las gobernadoras regionales en este nuevo rol, el traspaso de competencias, c\u00f3mo van a asumir este nuevo rol y tambi\u00e9n c\u00f3mo se observa un proceso de construcci\u00f3n m\u00e1s participativo respecto de los territorios\u201d.<\/p>\n\n\n\n<p>El Rector de la Universidad de Los Lagos, \u00d3scar Garrido \u00c1lvarez, valor\u00f3 el esfuerzo y esp\u00edritu colaborativo de las 4 universidades \u201cpara investigar de manera conjunta el proceso de Descentralizaci\u00f3n en Chile, a trav\u00e9s de la creaci\u00f3n del Observatorio de la Descentralizaci\u00f3n en el sur austral de Chile. Esto sin duda, refleja la voluntad y la capacidad de todas las universidades por impulsar proyectos interinstitucionales con una mirada territorial, permitiendo un mayor involucramiento con nuestras comunidades regionales. Asimismo, esta iniciativa toma suma importancia, ya que aportar\u00e1 informaci\u00f3n de calidad, an\u00e1lisis y recomendaciones para una mejor implementaci\u00f3n del proceso de descentralizaci\u00f3n, lo que tendr\u00e1 un gran impacto en el desarrollo nuestros territorios y en la gesti\u00f3n de los gobiernos regionales.\u201d<\/p>\n\n\n\n<p>Esta iniciativa est\u00e1 enfocada a observar lo que sucede desde las regiones de Los R\u00edos a la de Magallanes, \u201clo cual nos permite aportar desde una mirada acad\u00e9mica a los procesos de regionalizaci\u00f3n y de descentralizaci\u00f3n que se est\u00e1n llevando a cabo en el pa\u00eds. Es muy importante que podamos contar con estad\u00edsticas, informes peri\u00f3dicos, espacios de discusi\u00f3n y documentos que aporten a enriquecer y mejorar las pol\u00edticas p\u00fablicas, lo cual es parte de la misi\u00f3n institucional que nuestras universidades, y especialmente las universidades regionales, realizan de manera permanente y que ahora se potencia mediante este consorcio\u201d, se\u00f1al\u00f3 el Rector de la Universidad Austral de Chile, Oscar Balocchi Leonelli, quien destac\u00f3 que la coordinaci\u00f3n para la UACh la realizar\u00e1 el Centro de Estudios Regionales.<\/p>\n\n\n\n<p>El Rector de la Universidad de Magallanes, Juan Oyarzo P\u00e9rez, destac\u00f3 que esta iniciativa sea presentada a la comunidad desde las regiones del sur-austral. \u201cComo Universidad de Magallanes estamos conscientes del proceso descentralizador que est\u00e1 viviendo el pa\u00eds y queremos aportar a su desarrollo el que no estar\u00e1 exento de dificultades y en ese sentido queremos ser un aporte generando alianzas con otras universidades para fortalecer este esfuerzo pa\u00eds. La descentralizaci\u00f3n significa un fortalecimiento de la democracia, una redistribuci\u00f3n del poder pol\u00edtico, promover un modelo de desarrollo equitativo e inclusivo, crear nuevas oportunidades para el desarrollo integral de los territorios. Como universidad p\u00fablica y de regi\u00f3n extrema asumimos un compromiso real con este hist\u00f3rico proceso\u201d.<\/p>\n\n\n\n<p><strong>Lanzamiento<\/strong><\/p>\n\n\n\n<p>El martes 6 de abril, a las 16.30 horas (Chile) y 17:30 horas (Magallanes), se presentar\u00e1 el Observatorio para la Descentralizaci\u00f3n en el Sur Austral, con la participaci\u00f3n de la rectora y rectores de las cuatro universidades, oportunidad en que se llevar\u00e1 a cabo una conversaci\u00f3n con expertos sobre la nueva institucionalidad de los gobiernos regionales.<\/p>\n\n\n\n<p>En el panel estar\u00e1 el acad\u00e9mico de la Universidad Austral de Chile y Director del Centro de Estudios Regionales UACh, Egon Montecinos, con el tema \u201cHacia una nueva institucionalidad de los gobiernos regionales en Chile\u201d; el Prorrector de la Universidad de Magallanes, Jos\u00e9 Maripani, quien abordar\u00e1 la \u201cDescentralizaci\u00f3n, una mirada desde el extremo Sur Austral\u201d, y la Rectora de la Universidad de Ays\u00e9n, Natacha Pino, expondr\u00e1 sobre \u201cDescentralizar las regiones: Una mirada hacia lo local\u201d. Moderar\u00e1 Guillermo D\u00edaz, de la Universidad de Los Lagos.<\/p>\n\n\n\n<p>Esta actividad -que marcar\u00e1 el inicio del trabajo que llevar\u00e1 a cabo esta consorcio universitario- ser\u00e1 transmitida por UMAG TV.<\/p>\n","protected":false},"excerpt":{"rendered":"<p>Los cambios introducidos por la Ley de Fortalecimiento de la Regionalizaci\u00f3n en Chile, promulgada en enero de 2020, conlleva una serie de desaf\u00edos para la actual institucionalidad. Un ejemplo de&#8230; <a class=\"read-more\" href=\"https:\/\/www.radiopresidenteibanez.cl\/web\/cuatro-universidades-regionales-forman-primer-observatorio-de-la-descentralizacion-en-el-sur-austral\/\">Leer m\u00e1s<\/a><\/p>\n","protected":false},"author":2,"featured_media":19672,"comment_status":"closed","ping_status":"closed","sticky":false,"template":"","format":"standard","meta":{"footnotes":""},"categories":[1],"tags":[],"class_list":["post-19671","post","type-post","status-publish","format-standard","has-post-thumbnail","hentry","category-cronica"],"_links":{"self":[{"href":"https:\/\/www.radiopresidenteibanez.cl\/web\/wp-json\/wp\/v2\/posts\/19671","targetHints":{"allow":["GET"]}}],"collection":[{"href":"https:\/\/www.radiopresidenteibanez.cl\/web\/wp-json\/wp\/v2\/posts"}],"about":[{"href":"https:\/\/www.radiopresidenteibanez.cl\/web\/wp-json\/wp\/v2\/types\/post"}],"author":[{"embeddable":true,"href":"https:\/\/www.radiopresidenteibanez.cl\/web\/wp-json\/wp\/v2\/users\/2"}],"replies":[{"embeddable":true,"href":"https:\/\/www.radiopresidenteibanez.cl\/web\/wp-json\/wp\/v2\/comments?post=19671"}],"version-history":[{"count":0,"href":"https:\/\/www.radiopresidenteibanez.cl\/web\/wp-json\/wp\/v2\/posts\/19671\/revisions"}],"wp:featuredmedia":[{"embeddable":true,"href":"https:\/\/www.radiopresidenteibanez.cl\/web\/wp-json\/wp\/v2\/media\/19672"}],"wp:attachment":[{"href":"https:\/\/www.radiopresidenteibanez.cl\/web\/wp-json\/wp\/v2\/media?parent=19671"}],"wp:term":[{"taxonomy":"category","embeddable":true,"href":"https:\/\/www.radiopresidenteibanez.cl\/web\/wp-json\/wp\/v2\/categories?post=19671"},{"taxonomy":"post_tag","embeddable":true,"href":"https:\/\/www.radiopresidenteibanez.cl\/web\/wp-json\/wp\/v2\/tags?post=19671"}],"curies":[{"name":"wp","href":"https:\/\/api.w.org\/{rel}","templated":true}]}}