{"id":19669,"date":"2021-04-01T15:36:24","date_gmt":"2021-04-01T15:36:24","guid":{"rendered":"https:\/\/www.radiopresidenteibanez.cl\/web\/?p=19669"},"modified":"2021-04-01T15:36:30","modified_gmt":"2021-04-01T15:36:30","slug":"tasa-de-desempleo-mantiene-tendencia-a-la-baja-quedando-en-52","status":"publish","type":"post","link":"https:\/\/www.radiopresidenteibanez.cl\/web\/tasa-de-desempleo-mantiene-tendencia-a-la-baja-quedando-en-52\/","title":{"rendered":"TASA DE DESEMPLEO MANTIENE TENDENCIA A LA BAJA QUEDANDO EN 5,2%"},"content":{"rendered":"\n<p>Durante esta jornada se emiti\u00f3 un\nnuevo informe de empleo del Instituto Nacional de Estad\u00edsticas (Ine), dando\ncuenta, para la regi\u00f3n de Magallanes, de una sostenida tendencia a la baja\ndurante los \u00faltimos tres per\u00edodos, quedando al d\u00eda de hoy con una tasa de\nDesocupaci\u00f3n de un 5,2% en la zona.<\/p>\n\n\n\n<p>Este dato fue destacado por la Seremi\ndel Trabajo, Victoria Cort\u00e9s Schiattino, quien se\u00f1al\u00f3 que esta curva\ndescendiente del desempleo en la regi\u00f3n se ha mantenido desde el trimestre de\noctubre &#8211; diciembre del a\u00f1o 2020, despu\u00e9s de haber vivido per\u00edodos muy cr\u00edticos\nen las etapas previas.<\/p>\n\n\n\n<p>En sus palabras, \u201cestos datos que se\ndieron a conocer el d\u00eda de hoy son bastante positivos y reafirman la tendencia\nque se ven\u00eda dando en los \u00faltimos tres informes del INE. Ahora, para el\ntrimestre m\u00f3vil de diciembre, enero y febrero de este a\u00f1o, la tasa de desempleo\nse situ\u00f3 en un 5,2%, bajando en 0,3 puntos porcentuales respecto al bolet\u00edn\ninmediatamente anterior, donde se registr\u00f3 un 5,5% de desocupaci\u00f3n\u201d.<\/p>\n\n\n\n<p>La autoridad expres\u00f3 que, si bien al\ncomparar la actual cifra con igual per\u00edodo de hace un a\u00f1o, se registra un alza\nde 0,7 puntos porcentuales, \u201cde todas maneras, se reafirma durante este per\u00edodo\nla tendencia a una baja sostenida del desempleo en Magallanes\u201d.<\/p>\n\n\n\n<p>En t\u00e9rminos de g\u00e9nero, la secretaria\nregional destac\u00f3 el positivo avance en la participaci\u00f3n femenina regional\nplasmado en el bolet\u00edn de empleo. \u201cUn antecedente a resaltar es que, en este\ninforme, por primera vez, la tasa femenina de desempleo fue inferior a la masculina.\nLas mujeres registraron un 4,9% versus los hombres con un 5,3%, lo que es\nbastante bueno, dado que durante todo el 2020 vimos una situaci\u00f3n a la inversa\ncon una cesant\u00eda femenina que super\u00f3 el 9%. Por tanto, esta baja significativa\nnos reafirma que el Subsidio al Empleo, tanto en sus l\u00edneas \u201cContrata\u201d y\n\u201cRegresa\u201d como \u201cProtege\u201d, adem\u00e1s de todas las medidas que hemos impulsado como\ngobierno del Presidente Sebasti\u00e1n Pi\u00f1era para incentivar la contrataci\u00f3n de las\nmujeres, est\u00e1n generando buenos frutos\u201d, expres\u00f3.<\/p>\n\n\n\n<p>Consultada sobre el balance en torno\na la situaci\u00f3n del mercado laboral en la zona, a poco m\u00e1s de un a\u00f1o del inicio\nde la pandemia, la Seremi reflexion\u00f3 sobre este per\u00edodo se\u00f1alando que \u201cen esta\nmisma \u00e9poca, hace un a\u00f1o, la pregunta que m\u00e1s se repet\u00eda era si \u00edbamos a&nbsp; llegar a una tasa de desempleo de dos d\u00edgitos\ny siempre nos mantuvimos en la l\u00ednea que Magallanes ten\u00eda las herramientas para\nconservar una tasa de desempleo de un d\u00edgito, aunque producto de los per\u00edodos\nde cuarentenas que vivimos, tuvimos cifras bastante altas que alcanzaron el\n8,7%, siempre estuvimos confiados en que \u00edbamos a superar esta situaci\u00f3n\u201d.\n\nA\u00f1adi\u00f3\nque, \u201ccon la salida de cuarentena a fines del a\u00f1o pasado y el inicio del\nproceso de vacunaci\u00f3n, ello ha incidido tambi\u00e9n en la situaci\u00f3n laboral de la\nzona, pero especialmente, las medidas adoptadas como la Ley de Protecci\u00f3n del\nEmpleo, y en los \u00faltimos meses, el Subsidio al Empleo, han sido claves para la\nrecuperaci\u00f3n de los puestos de trabajo regionales, por lo que continuaremos fomentando\nestos beneficios para seguir en esta l\u00ednea\u201d. \n\n\n\n<\/p>\n","protected":false},"excerpt":{"rendered":"<p>Durante esta jornada se emiti\u00f3 un nuevo informe de empleo del Instituto Nacional de Estad\u00edsticas (Ine), dando cuenta, para la regi\u00f3n de Magallanes, de una sostenida tendencia a la baja&#8230; <a class=\"read-more\" href=\"https:\/\/www.radiopresidenteibanez.cl\/web\/tasa-de-desempleo-mantiene-tendencia-a-la-baja-quedando-en-52\/\">Leer m\u00e1s<\/a><\/p>\n","protected":false},"author":2,"featured_media":11286,"comment_status":"closed","ping_status":"closed","sticky":false,"template":"","format":"standard","meta":{"footnotes":""},"categories":[1],"tags":[],"class_list":["post-19669","post","type-post","status-publish","format-standard","has-post-thumbnail","hentry","category-cronica"],"_links":{"self":[{"href":"https:\/\/www.radiopresidenteibanez.cl\/web\/wp-json\/wp\/v2\/posts\/19669","targetHints":{"allow":["GET"]}}],"collection":[{"href":"https:\/\/www.radiopresidenteibanez.cl\/web\/wp-json\/wp\/v2\/posts"}],"about":[{"href":"https:\/\/www.radiopresidenteibanez.cl\/web\/wp-json\/wp\/v2\/types\/post"}],"author":[{"embeddable":true,"href":"https:\/\/www.radiopresidenteibanez.cl\/web\/wp-json\/wp\/v2\/users\/2"}],"replies":[{"embeddable":true,"href":"https:\/\/www.radiopresidenteibanez.cl\/web\/wp-json\/wp\/v2\/comments?post=19669"}],"version-history":[{"count":0,"href":"https:\/\/www.radiopresidenteibanez.cl\/web\/wp-json\/wp\/v2\/posts\/19669\/revisions"}],"wp:featuredmedia":[{"embeddable":true,"href":"https:\/\/www.radiopresidenteibanez.cl\/web\/wp-json\/wp\/v2\/media\/11286"}],"wp:attachment":[{"href":"https:\/\/www.radiopresidenteibanez.cl\/web\/wp-json\/wp\/v2\/media?parent=19669"}],"wp:term":[{"taxonomy":"category","embeddable":true,"href":"https:\/\/www.radiopresidenteibanez.cl\/web\/wp-json\/wp\/v2\/categories?post=19669"},{"taxonomy":"post_tag","embeddable":true,"href":"https:\/\/www.radiopresidenteibanez.cl\/web\/wp-json\/wp\/v2\/tags?post=19669"}],"curies":[{"name":"wp","href":"https:\/\/api.w.org\/{rel}","templated":true}]}}