{"id":19665,"date":"2021-03-31T13:27:25","date_gmt":"2021-03-31T13:27:25","guid":{"rendered":"https:\/\/www.radiopresidenteibanez.cl\/web\/?p=19665"},"modified":"2021-03-31T13:27:30","modified_gmt":"2021-03-31T13:27:30","slug":"meteomag-el-centro-meteorologico-maritimo-mas-austral-del-mundo","status":"publish","type":"post","link":"https:\/\/www.radiopresidenteibanez.cl\/web\/meteomag-el-centro-meteorologico-maritimo-mas-austral-del-mundo\/","title":{"rendered":"METEOMAG: el Centro Meteorol\u00f3gico Mar\u00edtimo m\u00e1s Austral del Mundo"},"content":{"rendered":"\n<p>El estudio de la disciplina meteorol\u00f3gica en nuestro pa\u00eds tiene una larga data, el cual podemos situar desde la misma llegada de la expedici\u00f3n de Fernando de Magallanes y Juan Sebasti\u00e1n de Elcano a nuestras riveras hace m\u00e1s de 500 a\u00f1o, registrando los comportamientos de la atm\u00f3sfera y las condiciones de tiempo en la navegaci\u00f3n.<\/p>\n\n\n\n<p>Ilustres personajes como Francisco Vidal Gormaz, Juan Se\u00f1oret y Oscar Viel forjaron en el siglo XIX los inicios del registro meteorol\u00f3gico de la disciplina, describiendo y publicando datos sobre el comportamiento de distintos fen\u00f3menos en nuestra atm\u00f3sfera.<\/p>\n\n\n\n<p>Es de esta manera que la creaci\u00f3n de la Oficina de Pron\u00f3sticos Mar\u00edtimos y posteriormente del Servicio Meteorol\u00f3gico de la Armada, dar\u00edan un impulso al disciplina cient\u00edfica, en donde el tiempo atmosf\u00e9rico y su pron\u00f3stico pasan a ser elementos fundamentales para la toma de decisiones para el Alto Mando Naval y brindar apoyo a la Segura Navegaci\u00f3n de las distintas rutas mar\u00edtimas de nuestro Territorio Nacional.<\/p>\n\n\n\n<p>Bajo estas premisas y larga historia es que en 1970, tras el resurgimiento del Servicio Meteorol\u00f3gico de la Armada en 1964, es creado el Destacamento Meteorol\u00f3gico de Magallanes, entidad que establecer\u00eda la recopilaci\u00f3n de datos, interpretaci\u00f3n y generaci\u00f3n de pron\u00f3sticos de la extensa red de instrumentos y registros de observaci\u00f3n presentes en la Tercera Zona Naval.<\/p>\n\n\n\n<p>El actual Centro Meteorol\u00f3gico Mar\u00edtimo de Punta Arenas (METEOMAG) es representativo de aquel esp\u00edritu pionero del siglo XIX, teniendo un \u00e1rea de responsabilidad nacional e internacional, el cual comprende desde el Golfo de Penas al Territorio Ant\u00e1rtico Chileno, generando pron\u00f3sticos, Avisos de Viento Fuerte y Temporales.<\/p>\n\n\n\n<p>Esta extensa zona bicontinental es escenario de fen\u00f3menos meteorol\u00f3gicos extremos, en donde rachas de viento alcanza los 200 kil\u00f3metros por hora y las olas en algunas zonas alcanzan los 14 metros de altura.<\/p>\n\n\n\n<p>El Personal Naval que compone METEOMAG est\u00e1 compuesto por especialistas, permitiendo un trabajo mancomunado que permite monitorear las condiciones existentes, as\u00ed como asumir la responsabilidad de realizar la mantenci\u00f3n necesaria a la extensa red de instrumentos presentes en todo el territorio austral.<\/p>\n\n\n\n<p>El Jefe del Centro Meteorol\u00f3gico Mar\u00edtimo de Punta Arenas, Capit\u00e1n de Corbeta Felipe Rifo Esp\u00f3sito, destaca que \u201ccontamos con una red de monitoreo mar\u00edtimo, el cual nos permite conocer las condiciones meteorol\u00f3gicas en tiempo real de nuestra \u00e1rea de responsabilidad\u201d, complementando que \u201ctambi\u00e9n monitoreamos en forma remota las condiciones de hielo en el Territorio Ant\u00e1rtico Chileno a trav\u00e9s de im\u00e1genes satelitales de alta resoluci\u00f3n y observaciones de las Bases Ant\u00e1rticas Chilenas, generando cartas de hielo, lo cual nos permite apoyar al esfuerzo desplegado por la Armada de Chile en la zona\u201d.<\/p>\n\n\n\n<p>La acci\u00f3n de METEOMAG permite aportar a las diferentes \u00e1reas de misi\u00f3n de la Armada de Chile, como lo son Desarrollo Nacional y Acci\u00f3n del Estado; Seguridad e Intereses Mar\u00edtimos; as\u00ed como tambi\u00e9n a la Cooperaci\u00f3n Internacional, apoyando a las labores que se despliegan en apoyo a la Segura Navegaci\u00f3n y Salvaguardar la Vida Humana en el mar.<\/p>\n","protected":false},"excerpt":{"rendered":"<p>El estudio de la disciplina meteorol\u00f3gica en nuestro pa\u00eds tiene una larga data, el cual podemos situar desde la misma llegada de la expedici\u00f3n de Fernando de Magallanes y Juan&#8230; <a class=\"read-more\" href=\"https:\/\/www.radiopresidenteibanez.cl\/web\/meteomag-el-centro-meteorologico-maritimo-mas-austral-del-mundo\/\">Leer m\u00e1s<\/a><\/p>\n","protected":false},"author":2,"featured_media":19666,"comment_status":"closed","ping_status":"closed","sticky":false,"template":"","format":"standard","meta":{"footnotes":""},"categories":[1],"tags":[],"class_list":["post-19665","post","type-post","status-publish","format-standard","has-post-thumbnail","hentry","category-cronica"],"_links":{"self":[{"href":"https:\/\/www.radiopresidenteibanez.cl\/web\/wp-json\/wp\/v2\/posts\/19665","targetHints":{"allow":["GET"]}}],"collection":[{"href":"https:\/\/www.radiopresidenteibanez.cl\/web\/wp-json\/wp\/v2\/posts"}],"about":[{"href":"https:\/\/www.radiopresidenteibanez.cl\/web\/wp-json\/wp\/v2\/types\/post"}],"author":[{"embeddable":true,"href":"https:\/\/www.radiopresidenteibanez.cl\/web\/wp-json\/wp\/v2\/users\/2"}],"replies":[{"embeddable":true,"href":"https:\/\/www.radiopresidenteibanez.cl\/web\/wp-json\/wp\/v2\/comments?post=19665"}],"version-history":[{"count":0,"href":"https:\/\/www.radiopresidenteibanez.cl\/web\/wp-json\/wp\/v2\/posts\/19665\/revisions"}],"wp:featuredmedia":[{"embeddable":true,"href":"https:\/\/www.radiopresidenteibanez.cl\/web\/wp-json\/wp\/v2\/media\/19666"}],"wp:attachment":[{"href":"https:\/\/www.radiopresidenteibanez.cl\/web\/wp-json\/wp\/v2\/media?parent=19665"}],"wp:term":[{"taxonomy":"category","embeddable":true,"href":"https:\/\/www.radiopresidenteibanez.cl\/web\/wp-json\/wp\/v2\/categories?post=19665"},{"taxonomy":"post_tag","embeddable":true,"href":"https:\/\/www.radiopresidenteibanez.cl\/web\/wp-json\/wp\/v2\/tags?post=19665"}],"curies":[{"name":"wp","href":"https:\/\/api.w.org\/{rel}","templated":true}]}}