{"id":19662,"date":"2021-03-31T13:26:18","date_gmt":"2021-03-31T13:26:18","guid":{"rendered":"https:\/\/www.radiopresidenteibanez.cl\/web\/?p=19662"},"modified":"2021-03-31T13:26:23","modified_gmt":"2021-03-31T13:26:23","slug":"hasta-el-7-de-abril-estan-abiertas-las-postulaciones-a-la-ronda-de-negocios-en-economia-circular-para-una-reactivacion-sostenible","status":"publish","type":"post","link":"https:\/\/www.radiopresidenteibanez.cl\/web\/hasta-el-7-de-abril-estan-abiertas-las-postulaciones-a-la-ronda-de-negocios-en-economia-circular-para-una-reactivacion-sostenible\/","title":{"rendered":"HASTA EL 7 DE ABRIL ESTAN ABIERTAS LAS POSTULACIONES A LA RONDA DE NEGOCIOS EN ECONOMIA CIRCULAR PARA UNA REACTIVACION SOSTENIBLE"},"content":{"rendered":"\n<p>Sistema B, Mentores de Impacto y Corfo,\ninvitan a participar a una nueva Ronda de Negocios, denominada \u201cEconom\u00eda\ncircular: Reactivaci\u00f3n con impacto\u201d, un encuentro que espera conectar a m\u00e1s de\n750 empresas y emprendedores con el prop\u00f3sito de generar alianzas estrat\u00e9gicas\ne impulsar la reactivaci\u00f3n sostenible en todo el pa\u00eds. <\/p>\n\n\n\n<p>En esta actividad, a realizarse el 22 de\nabril, se espera levantar financiamiento, alianzas comerciales y\/o estrat\u00e9gicas\npara contribuir a que Chile acelere su transici\u00f3n hacia la Econom\u00eda Circular y\ncumpla con los compromisos presentados en su \u00faltima Contribuci\u00f3n Nacional\nDeterminada (NDC) vinculados a la econom\u00eda circular.<\/p>\n\n\n\n<p>\u201cInvitamos a las empresas regionales que\ntrabajan, o que aplican la econom\u00eda circular, a que participen en la Ronda de\nNegocios. Es una tremenda oportunidad de conectarse con posibles proveedores o\ncompradores, de vincularse con actores relevantes en la econom\u00eda circular y que\npuedan encauzar sus negocios hacia una econom\u00eda sostenible\u201d, coment\u00f3 el\ndirector regional de Corfo, Marcelo Canobra. <\/p>\n\n\n\n<p>La iniciativa 100% online, se desarrolla\ncomo parte del aporte entregado por la Uni\u00f3n Europea (UE), a trav\u00e9s de su\nprograma Euroclima+ a&nbsp; Chile en su rol de\npresidencia de la 25 Conferencia de Las Partes de la Convenci\u00f3n Marco de Naciones\nUnidas sobre cambio Clim\u00e1tico ( CMNUCC) para impulsar la acci\u00f3n clim\u00e1tica,\ntanto en a nivel nacional como en Am\u00e9rica Latina y el Caribe. &nbsp;<\/p>\n\n\n\n<p>\u201cEl ministerio de medioambiente ha\nenfocado su labor en gran parte hacia una econom\u00eda circular y en ese aspecto ya\nhemos logrado generar 2 decretos de productos prioritarios como lo son los\nneum\u00e1ticos fuera de uso y los envases y embalajes, apuntando hacia la\nrevalorizaci\u00f3n de las materias primas, esto en conjunto con la responsabilidad\ndel productor y enlazado al compromiso de la ciudadan\u00eda nos permitir\u00e1 estar a\nla altura de pa\u00edses desarrollados en temas de reciclaje, reutilizaci\u00f3n y\nvalorizaci\u00f3n en pos de la sustentabilidad ambiental \u201d\u201d, se\u00f1al\u00f3 el seremi de\nMedio Ambiente, Carlos Olave.<\/p>\n\n\n\n<p>La actividad, presentada por Sofofa,\nNatura y apoyada por Scotiabank, ser\u00e1 una jornada virtual y gratuita para\nempresas de todos los tama\u00f1os que buscan oportunidades para potenciar sus\nnegocios y vincularse comercial o estrat\u00e9gicamente con actores claves de esta\nnueva y mejor manera de hacer empresa. Esto, en base a los pilares de la\nEconom\u00eda Circular, entre los que se cuentan Innovaci\u00f3n, Tecnolog\u00eda, Reparaci\u00f3n,\nReutilizaci\u00f3n, Simbiosis Industrial, Reciclaje, Compostaje, Regeneraci\u00f3n,\nLog\u00edstica Reversa, Ecoetiquetado, Ecodise\u00f1o, entre otros.<\/p>\n\n\n\n<p>Actualmente, Chile presenta niveles de\ninnovaci\u00f3n similares a pa\u00edses desarrollados; sin embargo, a\u00fan muestra grandes\nbrechas en relaci\u00f3n a su valor agregado, generando USD$0,5 por kilogramo de\nmaterial utilizado, versus el promedio OCDE de USD$2,3. A partir de lo\nanterior, el llamado es a diversificar la matriz productiva del pa\u00eds, que hoy\nen d\u00eda se basa en la extracci\u00f3n de recursos naturales, generando mecanismos de\nvinculaci\u00f3n para estimular la innovaci\u00f3n y un mayor valor agregado a nuestros\nproductos. <\/p>\n\n\n\n<p>\u201cLa UE es un socio estrat\u00e9gico clave en la\nacci\u00f3n clim\u00e1tica y para conectar los puntos entre la Agenda 2030 y los\nobjetivos de Desarrollo Sostenible \u2013 ODS-, para el logro de los objetivos del\nAcuerdo de Paris.&nbsp; La acci\u00f3n clim\u00e1tica y\nmedioambiental en los pa\u00edses del mundo es parte integral del Pacto Verde\nEuropeo. En esa l\u00ednea, Chile, acord\u00f3 trabajar conjuntamente con la UE en la\npreparaci\u00f3n y organizaci\u00f3n de la COP 25 cuya presidencia ostenta hasta\nnoviembre 2021\u201d, indic\u00f3 la Ministra de Medio Ambiente, Carolina Schmidt <\/p>\n\n\n\n<p>Los cupos para para esta Ronda de Negocios\nson limitados. Los interesados pueden postular <strong>hasta el 7 de abril, <\/strong>en el sitio <a href=\"http:\/\/www.negociosconimpacto.com\">www.negociosconimpacto.com<\/a>&nbsp; <\/p>\n","protected":false},"excerpt":{"rendered":"<p>Sistema B, Mentores de Impacto y Corfo, invitan a participar a una nueva Ronda de Negocios, denominada \u201cEconom\u00eda circular: Reactivaci\u00f3n con impacto\u201d, un encuentro que espera conectar a m\u00e1s de&#8230; <a class=\"read-more\" href=\"https:\/\/www.radiopresidenteibanez.cl\/web\/hasta-el-7-de-abril-estan-abiertas-las-postulaciones-a-la-ronda-de-negocios-en-economia-circular-para-una-reactivacion-sostenible\/\">Leer m\u00e1s<\/a><\/p>\n","protected":false},"author":2,"featured_media":19663,"comment_status":"closed","ping_status":"closed","sticky":false,"template":"","format":"standard","meta":{"footnotes":""},"categories":[1],"tags":[],"class_list":["post-19662","post","type-post","status-publish","format-standard","has-post-thumbnail","hentry","category-cronica"],"_links":{"self":[{"href":"https:\/\/www.radiopresidenteibanez.cl\/web\/wp-json\/wp\/v2\/posts\/19662","targetHints":{"allow":["GET"]}}],"collection":[{"href":"https:\/\/www.radiopresidenteibanez.cl\/web\/wp-json\/wp\/v2\/posts"}],"about":[{"href":"https:\/\/www.radiopresidenteibanez.cl\/web\/wp-json\/wp\/v2\/types\/post"}],"author":[{"embeddable":true,"href":"https:\/\/www.radiopresidenteibanez.cl\/web\/wp-json\/wp\/v2\/users\/2"}],"replies":[{"embeddable":true,"href":"https:\/\/www.radiopresidenteibanez.cl\/web\/wp-json\/wp\/v2\/comments?post=19662"}],"version-history":[{"count":0,"href":"https:\/\/www.radiopresidenteibanez.cl\/web\/wp-json\/wp\/v2\/posts\/19662\/revisions"}],"wp:featuredmedia":[{"embeddable":true,"href":"https:\/\/www.radiopresidenteibanez.cl\/web\/wp-json\/wp\/v2\/media\/19663"}],"wp:attachment":[{"href":"https:\/\/www.radiopresidenteibanez.cl\/web\/wp-json\/wp\/v2\/media?parent=19662"}],"wp:term":[{"taxonomy":"category","embeddable":true,"href":"https:\/\/www.radiopresidenteibanez.cl\/web\/wp-json\/wp\/v2\/categories?post=19662"},{"taxonomy":"post_tag","embeddable":true,"href":"https:\/\/www.radiopresidenteibanez.cl\/web\/wp-json\/wp\/v2\/tags?post=19662"}],"curies":[{"name":"wp","href":"https:\/\/api.w.org\/{rel}","templated":true}]}}