{"id":19659,"date":"2021-03-31T13:24:19","date_gmt":"2021-03-31T13:24:19","guid":{"rendered":"https:\/\/www.radiopresidenteibanez.cl\/web\/?p=19659"},"modified":"2021-03-31T13:24:24","modified_gmt":"2021-03-31T13:24:24","slug":"autoridad-maritima-realizo-evacuacion-medica-por-descompresion-inadecuada-en-sector-paso-elvira","status":"publish","type":"post","link":"https:\/\/www.radiopresidenteibanez.cl\/web\/autoridad-maritima-realizo-evacuacion-medica-por-descompresion-inadecuada-en-sector-paso-elvira\/","title":{"rendered":"AUTORIDAD MAR\u00cdTIMA REALIZ\u00d3 EVACUACI\u00d3N M\u00c9DICA POR DESCOMPRESI\u00d3N INADECUADA EN SECTOR PASO ELVIRA"},"content":{"rendered":"\n<p>Durante la madrugada del 30 de marzo se realiz\u00f3 un procedimiento de evacuaci\u00f3n m\u00e9dica por parte de la Lancha de Polic\u00eda Mar\u00edtima (LPM) 4407 dependiente de la Capitan\u00eda de Puerto de Punta Arenas, Unidad que traslad\u00f3 a personal del Servicio Atenci\u00f3n M\u00e9dico de Urgencia (SAMU) al sector de Paso Elvira, esto ante el requerimiento realizado por el armador de la Lancha a Motor \u201cUs\u00edas II\u201d a la Gobernaci\u00f3n Mar\u00edtima de Punta Arenas.<\/p>\n\n\n\n<p>De esta manera siendo las 20:10 horas, se recibi\u00f3 la informaci\u00f3n por parte de la Autoridad Mar\u00edtima, solicitando evacuaci\u00f3n m\u00e9dica de un tripulante con sintomatolog\u00eda derivada de una descomprensi\u00f3n inadecuada, la cual se encontraba en sector de Canal B\u00e1rbara, distante a m\u00e1s de 180 kil\u00f3metros de la ciudad de Punta Arenas.<\/p>\n\n\n\n<p>Ante esta solicitud efectuada por el armador de la embarcaci\u00f3n se procedi\u00f3 con el protocolo establecido, coordinando un esfuerzo interagencial con el Hospital de las Fuerzas Armadas \u201cCirujano Cornelio Guzm\u00e1n\u201d, establecimiento hospitalario que cuenta con c\u00e1mara hiperb\u00e1rica, equipamiento fundamental para este tipo de patolog\u00edas, adem\u00e1s de embarcar a tres funcionarios del SAMU de Punta Arenas.<\/p>\n\n\n\n<p>Cercano a las 23 horas la LPM 4407 zarp\u00f3 hacia Canal B\u00e1rbara, bajo condiciones meteorol\u00f3gicas&nbsp; adversas, dado que la bah\u00eda de Punta Arenas se encontraba con cerraz\u00f3n de neblina, contando con poca visibilidad utilizando instrumentos de navegaci\u00f3n y el visor nocturno que se encuentran incorporado en la Unidad, contando con el desinteresado apoyo de diversas Naves que se encontraban en el \u00e1rea, como es el caso de la Lancha a Motor \u201cPucatue\u201d.<\/p>\n\n\n\n<p>Tras horas de navegaci\u00f3n se estableci\u00f3 v\u00eda radial un punto de encuentro con la Nave en el sector de Punta Elvira, reuni\u00e9ndose a las 3 de la madrugada, realizando personal del SAMU evaluaci\u00f3n m\u00e9dica correspondiente, cumpliendo los estrictos protocolos sanitarios establecidos en el actual contexto de emergencia sanitaria.<\/p>\n\n\n\n<p>Tras 30 minutos, se procedi\u00f3 con la evacuaci\u00f3n m\u00e9dica del tripulante Juan Carlos Alvarado hacia la capital regional de Magallanes y Ant\u00e1rtica Chilena, coordinando recepci\u00f3n del paciente para su traslado al Hospital de las Fuerzas Armadas, arribando a Punta Arenas a las 07:15 horas, manteni\u00e9ndose el usuario mar\u00edtimo estable y bajo tratamiento en el recinto hospitalario.<\/p>\n\n\n\n<p>El tripulante evacuado fue sometido a c\u00e1mara hiperb\u00e1rica, siendo trasladado a tratamiento hospitalario general durante horas de la tarde, contando una buena evoluci\u00f3n.<\/p>\n\n\n\n<p>Juan Carlos Alvarado manifest\u00f3 \u201cestoy muy agradecido del trabajo y la ayuda realizado por los miembros de la tripulaci\u00f3n de la Lancha de la Armada de Chile, as\u00ed como de los enfermeros y la atenci\u00f3n del hospital\u201d, complementando que \u201clas coordinaciones realizadas al momento por radio con Alcald\u00eda de Mar Wollaston y Magallanes Radio, todo sali\u00f3 muy r\u00e1pido, aliviado de llegar al hospital\u201d, comentando que \u201cno me queda m\u00e1s que felicitarlos por el trabajo que hacen, no tan solo conmigo, sino que siempre est\u00e1n ayudando a los pescadores\u201d.<\/p>\n\n\n\n<p>La Autoridad Mar\u00edtima reafirma su compromiso en el resguardo de la vida humana en el mar, manteniendo operativa y alerta a todo el sistema de monitoreo mar\u00edtimo, respondiendo a los requerimientos y realizando la fiscalizaci\u00f3n necesaria para resguardar la Seguridad e Intereses Territoriales, aportando al Desarrollo Nacional y Presencia del Estado.<\/p>\n","protected":false},"excerpt":{"rendered":"<p>Durante la madrugada del 30 de marzo se realiz\u00f3 un procedimiento de evacuaci\u00f3n m\u00e9dica por parte de la Lancha de Polic\u00eda Mar\u00edtima (LPM) 4407 dependiente de la Capitan\u00eda de Puerto&#8230; <a class=\"read-more\" href=\"https:\/\/www.radiopresidenteibanez.cl\/web\/autoridad-maritima-realizo-evacuacion-medica-por-descompresion-inadecuada-en-sector-paso-elvira\/\">Leer m\u00e1s<\/a><\/p>\n","protected":false},"author":2,"featured_media":19660,"comment_status":"closed","ping_status":"closed","sticky":false,"template":"","format":"standard","meta":{"footnotes":""},"categories":[1],"tags":[],"class_list":["post-19659","post","type-post","status-publish","format-standard","has-post-thumbnail","hentry","category-cronica"],"_links":{"self":[{"href":"https:\/\/www.radiopresidenteibanez.cl\/web\/wp-json\/wp\/v2\/posts\/19659","targetHints":{"allow":["GET"]}}],"collection":[{"href":"https:\/\/www.radiopresidenteibanez.cl\/web\/wp-json\/wp\/v2\/posts"}],"about":[{"href":"https:\/\/www.radiopresidenteibanez.cl\/web\/wp-json\/wp\/v2\/types\/post"}],"author":[{"embeddable":true,"href":"https:\/\/www.radiopresidenteibanez.cl\/web\/wp-json\/wp\/v2\/users\/2"}],"replies":[{"embeddable":true,"href":"https:\/\/www.radiopresidenteibanez.cl\/web\/wp-json\/wp\/v2\/comments?post=19659"}],"version-history":[{"count":0,"href":"https:\/\/www.radiopresidenteibanez.cl\/web\/wp-json\/wp\/v2\/posts\/19659\/revisions"}],"wp:featuredmedia":[{"embeddable":true,"href":"https:\/\/www.radiopresidenteibanez.cl\/web\/wp-json\/wp\/v2\/media\/19660"}],"wp:attachment":[{"href":"https:\/\/www.radiopresidenteibanez.cl\/web\/wp-json\/wp\/v2\/media?parent=19659"}],"wp:term":[{"taxonomy":"category","embeddable":true,"href":"https:\/\/www.radiopresidenteibanez.cl\/web\/wp-json\/wp\/v2\/categories?post=19659"},{"taxonomy":"post_tag","embeddable":true,"href":"https:\/\/www.radiopresidenteibanez.cl\/web\/wp-json\/wp\/v2\/tags?post=19659"}],"curies":[{"name":"wp","href":"https:\/\/api.w.org\/{rel}","templated":true}]}}