{"id":19656,"date":"2021-03-31T13:20:54","date_gmt":"2021-03-31T13:20:54","guid":{"rendered":"https:\/\/www.radiopresidenteibanez.cl\/web\/?p=19656"},"modified":"2021-03-31T13:21:00","modified_gmt":"2021-03-31T13:21:00","slug":"sercotec-abre-capital-semilla-para-todos-los-que-buscan-emprender","status":"publish","type":"post","link":"https:\/\/www.radiopresidenteibanez.cl\/web\/sercotec-abre-capital-semilla-para-todos-los-que-buscan-emprender\/","title":{"rendered":"SERCOTEC ABRE CAPITAL SEMILLA PARA TODOS LOS QUE BUSCAN EMPRENDER"},"content":{"rendered":"\n<p>Hasta\nel pr\u00f3ximo 9 de abril a las 15:00 horas se abre la convocatoria al fondo\nCapital Semilla Emprende de Sercotec, el cual apoya\na emprendedores y emprendedoras del pa\u00eds, entreg\u00e1ndoles las herramientas y el apoyo necesario para\nemprender por primera vez o reemprender, as\u00ed como obtener mejores oportunidades de crecimiento en el mercado.<\/p>\n\n\n\n<p>Al\nrespecto, la Intendenta de Magallanes, Jennifer Rojas manifest\u00f3: \u201cHoy abrimos\nel fondo Capital Semilla Emprende, el que es muy esperado por todas esas\npersonas que desean emprender por primera vez o formalizar sus negocios.\nConocemos que producto de la pandemia muchas personas se vieron afectadas y\nvieron la necesidad de crear un nuevo negocio o modificar totalmente el que ya\nten\u00edan, por ello, este fondo apoyar\u00e1 a todos esos emprendedores y emprendedoras\npara que puedan lograrlo. Con este programa recibir\u00e1n hasta 3 millones y medio\nde pesos para capitalizar sus negocios y con eso, en muchos casos, ser el\nsustento de sus familias. Quienes deseen ser parte de esta convocatoria, deben\ningresar a <a href=\"http:\/\/www.sercotec.cl\">www.sercotec.cl<\/a>, descargar las\nbases y postular; y si necesitan apoyo en la postulaci\u00f3n pueden llamar al\n232425000 anexo 12\u201d. <\/p>\n\n\n\n<p>Por\nsu parte, el Director Nacional de Sercotec, Bruno Trisotti indic\u00f3:\n\u201cEl compromiso con nuestros\nemprendedores es constante y, sabemos que muchos est\u00e1n buscando emprender por primera vez y a aquellos\nque necesitan re emprender. Por eso, para todos los que tienen una idea de negocio y est\u00e1n buscando una oportunidad\nde concretar sus sue\u00f1os, nuestro Capital\nSemilla es un apoyo real para todos ellos. Quiero invitar a todos a que postulen, porque no hay edad para emprender. En Sercotec queremos seguir\napoyando el esfuerzo, las ideas y las ganas\nque ponen los emprendedores, por eso quiero\ndecirles que seguiremos juntos en todo este proceso, porque las pymes son nuestro orgullo nacional\u201d.<\/p>\n\n\n\n<p>Cabe\nse\u00f1alar que el Capital Semilla es un fondo al que pueden postular todos quienes\ntengan m\u00e1s de 18 a\u00f1os y, es un beneficio que otorga un m\u00ednimo de $3.000.000 y un m\u00e1ximo\nde<\/p>\n\n\n\n<p>$3.500.000 para inversiones en bienes y acciones de gesti\u00f3n empresarial. Este programa apoya\nun financiamiento inicial\npara la creaci\u00f3n y formalizaci\u00f3n de una microempresa o emprendimiento.<\/p>\n\n\n\n<p>Adem\u00e1s,\nel (la) emprendedor (a) debe realizar un aporte obligatorio del 2% del\nbeneficio entregado por Sercotec.<\/p>\n\n\n\n<p>Se\u00f1alar\nque la regi\u00f3n de Magallanes y Ant\u00e1rtica Chilena, dispone de m\u00e1s de 360 millones\nde pesos para beneficiar a cerca de 90 personas.<\/p>\n\n\n\n<p>Las postulaciones se abren hoy martes 30 de marzo a las 12:00 hrs hasta el viernes 9 de abril\na las &nbsp;15:00 hrs. Toda la informaci\u00f3n de postulaci\u00f3n la encuentran en <a href=\"http:\/\/www.sercotec.cl\/\">www.sercotec.cl<\/a><br><\/p>\n\n\n\n<h1 class=\"wp-block-heading\">\u00bfC\u00f3mo postular al Capital Semilla\nde Sercotec?<\/h1>\n\n\n\n<p>\u00d6&nbsp;&nbsp;&nbsp; Ingresar a <a href=\"http:\/\/www.sercotec.cl\/\">www.sercotec.cl <\/a>para registrarse como usuario\no actualizar antecedentes<\/p>\n\n\n\n<p>\u00d6 Realizar <strong>Test de Caracterizaci\u00f3n del Emprendimiento<\/strong>, a trav\u00e9s del cual se determina,\npreliminarmente, la presencia de factores de \u00e9xito en la ejecuci\u00f3n de un proyecto\nempresarial.<\/p>\n\n\n\n<p>\u00d6&nbsp;&nbsp;&nbsp; Completar el <strong>Formulario de Idea de Negocio<\/strong>, donde se describe\nel proyecto<\/p>\n\n\n\n<p>\u00d6 Presentar una <strong>idea de negocio<\/strong>, a trav\u00e9s de la grabaci\u00f3n de <strong>un Video de 90 segundos <\/strong>de duraci\u00f3n\nm\u00e1xima. (Puede utilizarse cualquier dispositivo como smartphone, c\u00e1mara\nde video, iPad, etc.).<\/p>\n\n\n\n<p>\u00d6 Completar <strong>Estructura de Costos o Presupuesto <\/strong>para\nla ejecuci\u00f3n de la idea de negocio,\ncontemplando las Acciones de Gesti\u00f3n\nEmpresarial e Inversiones.<\/p>\n\n\n\n<h1 class=\"wp-block-heading\">\u00bfQu\u00e9\nrequisitos deben cumplir\nlos emprendedores?<\/h1>\n\n\n\n<p>\u00d6&nbsp; &nbsp;Ser persona\nnatural de nacionalidad chilena o extranjera, mayor de 18 a\u00f1os, sin inicio en actividades\nde primera categor\u00eda ante el Servicio de Impuestos Internos (SII).<\/p>\n\n\n\n<p>\u00d6 No\ntener deudas laborales\ny\/o previsionales, ni multas impagas,\na la fecha de la postulaci\u00f3n (*).<\/p>\n\n\n\n<p>\u00d6 No tener condenas por pr\u00e1cticas\nantisindicales o infracci\u00f3n a derechos fundamentales del trabajador, dentro de los dos a\u00f1os anteriores a la fecha de cierre de la postulaci\u00f3n.<\/p>\n\n\n\n<p>\u00d6&nbsp;&nbsp;&nbsp; No tener rendiciones\npendientes con Sercotec y\/o con el Agente Operador de Sercotec a la fecha de\ninicio de la convocatoria.<\/p>\n\n\n\n<p>\u00d6 No haber incumplido las\nobligaciones contractuales de un proyecto de Sercotec con el Agente Operador, dentro de los dos a\u00f1os anteriores a la fecha de inicio de la convocatoria.<\/p>\n\n\n\n<p>\u00d6 No haber sido beneficiado (a) por alguna convocatoria Emprende (Capital Abeja,\nCapital Semilla, Capital\nAdulto Mejor), financiada con fondos regulares de Sercotec durante el a\u00f1o 2020.<\/p>\n\n\n\n<p>\u00d6&nbsp;&nbsp;&nbsp; (*) Sercotec\nvalidar\u00e1 nuevamente este requisito al momento de la formalizaci\u00f3n.<\/p>\n","protected":false},"excerpt":{"rendered":"<p>Hasta el pr\u00f3ximo 9 de abril a las 15:00 horas se abre la convocatoria al fondo Capital Semilla Emprende de Sercotec, el cual apoya a emprendedores y emprendedoras del pa\u00eds,&#8230; <a class=\"read-more\" href=\"https:\/\/www.radiopresidenteibanez.cl\/web\/sercotec-abre-capital-semilla-para-todos-los-que-buscan-emprender\/\">Leer m\u00e1s<\/a><\/p>\n","protected":false},"author":2,"featured_media":19657,"comment_status":"closed","ping_status":"closed","sticky":false,"template":"","format":"standard","meta":{"footnotes":""},"categories":[1],"tags":[],"class_list":["post-19656","post","type-post","status-publish","format-standard","has-post-thumbnail","hentry","category-cronica"],"_links":{"self":[{"href":"https:\/\/www.radiopresidenteibanez.cl\/web\/wp-json\/wp\/v2\/posts\/19656","targetHints":{"allow":["GET"]}}],"collection":[{"href":"https:\/\/www.radiopresidenteibanez.cl\/web\/wp-json\/wp\/v2\/posts"}],"about":[{"href":"https:\/\/www.radiopresidenteibanez.cl\/web\/wp-json\/wp\/v2\/types\/post"}],"author":[{"embeddable":true,"href":"https:\/\/www.radiopresidenteibanez.cl\/web\/wp-json\/wp\/v2\/users\/2"}],"replies":[{"embeddable":true,"href":"https:\/\/www.radiopresidenteibanez.cl\/web\/wp-json\/wp\/v2\/comments?post=19656"}],"version-history":[{"count":0,"href":"https:\/\/www.radiopresidenteibanez.cl\/web\/wp-json\/wp\/v2\/posts\/19656\/revisions"}],"wp:featuredmedia":[{"embeddable":true,"href":"https:\/\/www.radiopresidenteibanez.cl\/web\/wp-json\/wp\/v2\/media\/19657"}],"wp:attachment":[{"href":"https:\/\/www.radiopresidenteibanez.cl\/web\/wp-json\/wp\/v2\/media?parent=19656"}],"wp:term":[{"taxonomy":"category","embeddable":true,"href":"https:\/\/www.radiopresidenteibanez.cl\/web\/wp-json\/wp\/v2\/categories?post=19656"},{"taxonomy":"post_tag","embeddable":true,"href":"https:\/\/www.radiopresidenteibanez.cl\/web\/wp-json\/wp\/v2\/tags?post=19656"}],"curies":[{"name":"wp","href":"https:\/\/api.w.org\/{rel}","templated":true}]}}