{"id":19653,"date":"2021-03-31T13:19:27","date_gmt":"2021-03-31T13:19:27","guid":{"rendered":"https:\/\/www.radiopresidenteibanez.cl\/web\/?p=19653"},"modified":"2021-03-31T13:19:32","modified_gmt":"2021-03-31T13:19:32","slug":"sintomas-del-pims-puede-presentarse-4-semanas-despues-de-contraer-covid-especialista-entrega-tips-para-prevenirlo","status":"publish","type":"post","link":"https:\/\/www.radiopresidenteibanez.cl\/web\/sintomas-del-pims-puede-presentarse-4-semanas-despues-de-contraer-covid-especialista-entrega-tips-para-prevenirlo\/","title":{"rendered":"S\u00cdNTOMAS DEL PIMS PUEDE PRESENTARSE 4 SEMANAS DESPU\u00c9S  DE CONTRAER COVID: ESPECIALISTA ENTREGA TIPS PARA PREVENIRLO"},"content":{"rendered":"\n<p>El Covid-19 ha tra\u00eddo grandes desaf\u00edos y en el \u00faltimo tiempo,\nuno de ellos ha sido el S\u00edndrome Inflamatorio Multisist\u00e9mico&nbsp;(PIMS, por\nsus siglas en ingl\u00e9s) donde se han registrado casos en ni\u00f1os, ni\u00f1as y\nadolescentes aquejados por este cuadro en nuestro pa\u00eds. <\/p>\n\n\n\n<p>De acuerdo con los estudios, este s\u00edndrome puede afectar \u00f3rganos\ncomo ri\u00f1\u00f3n, coraz\u00f3n, sistema digestivo, sistema neurol\u00f3gico y tambi\u00e9n sistema\nrespiratorio. Cuadros que se pueden presentar entre dos o seis semanas despu\u00e9s\nde la infecci\u00f3n por COVID-19, pero lo m\u00e1s habitual son 4 semanas, seg\u00fan los\nespecialistas.<\/p>\n\n\n\n<p>El jefe de la Unidad de Cuidados Intensivos Pedi\u00e1trico del\nHospital Cl\u00ednico Magallanes (HCM) doctor Germ\u00e1n Sep\u00falveda, explic\u00f3 que este\ns\u00edndrome afecta principalmente a ni\u00f1os entre 8 y 12 a\u00f1os de edad en promedio.\nSin embargo, tambi\u00e9n puede afectar a reci\u00e9n nacidos y se han descrito PIMS en\npersonas de 32 a\u00f1os. <\/p>\n\n\n\n<p>\u201cCuando ven a un ni\u00f1o comprometido o muy enfermo lo primero\nque se debe hacer es consultar. Un ni\u00f1o con fiebre de m\u00e1s de 3 d\u00edas o\nantecedentes de contacto con una persona con Coronavirus se debe siempre consultar.\nLos padres siempre deben estar atentos y acudir a la Unidad de Emergencia en\ncaso de que se presenten algunos de estos cuadros\u201d, indic\u00f3 el Dr. Sep\u00falveda. <\/p>\n\n\n\n<p>Dentro de las caracter\u00edsticas de este virus se encuentran:\nfiebre por m\u00e1s de 3 d\u00edas, compromiso mucocut\u00e1neo, compromiso ocular, labios\nrojos, adenopat\u00edas cervicales, labio o lenguas inflamadas y compromisos\ncoronarios con disfunci\u00f3n mioc\u00e1rdica. Y con menos frecuencia, compromiso\nrespiratorio y compromisos digestivos con fallas hep\u00e1ticas. <\/p>\n\n\n\n<p>De acuerdo con el jefe de la UCI Pedi\u00e1trico de HCM, se han\ndiagnosticado 9 casos de PIMS en HCM. Al inicio de la pandemia se informaron\ncuatro casos y en el \u00faltimo per\u00edodo los cinco restantes. De ellos, cuatro casos\nhan sido severos y cinco con sintomatolog\u00eda leve. \n\n\u201cAfortunadamente hemos tenido una buena\nevoluci\u00f3n y los ni\u00f1os han salido muy bien\u201d, precis\u00f3 el Dr. Sep\u00falveda quien\ninsisti\u00f3 en mantener el distanciamiento f\u00edsico y educar a los m\u00e1s peque\u00f1os en\nel lavado de manos uso de mascarilla y, a los m\u00e1s grandes, a ser parte del\nproceso de vacunaci\u00f3n contra el COVID-19.\n\n\n\n<\/p>\n","protected":false},"excerpt":{"rendered":"<p>El Covid-19 ha tra\u00eddo grandes desaf\u00edos y en el \u00faltimo tiempo, uno de ellos ha sido el S\u00edndrome Inflamatorio Multisist\u00e9mico&nbsp;(PIMS, por sus siglas en ingl\u00e9s) donde se han registrado casos&#8230; <a class=\"read-more\" href=\"https:\/\/www.radiopresidenteibanez.cl\/web\/sintomas-del-pims-puede-presentarse-4-semanas-despues-de-contraer-covid-especialista-entrega-tips-para-prevenirlo\/\">Leer m\u00e1s<\/a><\/p>\n","protected":false},"author":2,"featured_media":19654,"comment_status":"closed","ping_status":"closed","sticky":false,"template":"","format":"standard","meta":{"footnotes":""},"categories":[1],"tags":[],"class_list":["post-19653","post","type-post","status-publish","format-standard","has-post-thumbnail","hentry","category-cronica"],"_links":{"self":[{"href":"https:\/\/www.radiopresidenteibanez.cl\/web\/wp-json\/wp\/v2\/posts\/19653","targetHints":{"allow":["GET"]}}],"collection":[{"href":"https:\/\/www.radiopresidenteibanez.cl\/web\/wp-json\/wp\/v2\/posts"}],"about":[{"href":"https:\/\/www.radiopresidenteibanez.cl\/web\/wp-json\/wp\/v2\/types\/post"}],"author":[{"embeddable":true,"href":"https:\/\/www.radiopresidenteibanez.cl\/web\/wp-json\/wp\/v2\/users\/2"}],"replies":[{"embeddable":true,"href":"https:\/\/www.radiopresidenteibanez.cl\/web\/wp-json\/wp\/v2\/comments?post=19653"}],"version-history":[{"count":0,"href":"https:\/\/www.radiopresidenteibanez.cl\/web\/wp-json\/wp\/v2\/posts\/19653\/revisions"}],"wp:featuredmedia":[{"embeddable":true,"href":"https:\/\/www.radiopresidenteibanez.cl\/web\/wp-json\/wp\/v2\/media\/19654"}],"wp:attachment":[{"href":"https:\/\/www.radiopresidenteibanez.cl\/web\/wp-json\/wp\/v2\/media?parent=19653"}],"wp:term":[{"taxonomy":"category","embeddable":true,"href":"https:\/\/www.radiopresidenteibanez.cl\/web\/wp-json\/wp\/v2\/categories?post=19653"},{"taxonomy":"post_tag","embeddable":true,"href":"https:\/\/www.radiopresidenteibanez.cl\/web\/wp-json\/wp\/v2\/tags?post=19653"}],"curies":[{"name":"wp","href":"https:\/\/api.w.org\/{rel}","templated":true}]}}