{"id":19650,"date":"2021-03-31T13:13:58","date_gmt":"2021-03-31T13:13:58","guid":{"rendered":"https:\/\/www.radiopresidenteibanez.cl\/web\/?p=19650"},"modified":"2021-03-31T13:14:03","modified_gmt":"2021-03-31T13:14:03","slug":"investigadora-umag-participa-en-planificacion-energetica-de-largo-plazo-a-nivel-nacional","status":"publish","type":"post","link":"https:\/\/www.radiopresidenteibanez.cl\/web\/investigadora-umag-participa-en-planificacion-energetica-de-largo-plazo-a-nivel-nacional\/","title":{"rendered":"INVESTIGADORA UMAG PARTICIPA EN PLANIFICACI\u00d3N ENERG\u00c9TICA DE LARGO PLAZO A NIVEL NACIONAL"},"content":{"rendered":"\n<p>Uno de los principales hitos del Ministerio de Energ\u00eda para este a\u00f1o, y que se suma a la actualizaci\u00f3n de la Pol\u00edtica Energ\u00e9tica Nacional, es la realizaci\u00f3n del segundo proceso de Planificaci\u00f3n Energ\u00e9tica de Largo Plazo (PELP) correspondiente al per\u00edodo 2023-2027, tarea que se propone&nbsp;proyectar el futuro energ\u00e9tico del pa\u00eds en un horizonte de 30 a\u00f1os, definiendo distintos escenarios energ\u00e9ticos de largo plazo que muestren caminos alternativos de desarrollo de la matriz energ\u00e9tica del pa\u00eds.<\/p>\n\n\n\n<p>Para ello y junto al amplio proceso participativo contemplado&nbsp;que cuenta con m\u00e1s 700 inscritos\/as entre personas naturales (593) y organismos (113), se conform\u00f3 un Grupo T\u00e9cnico Acompa\u00f1ante integrado por expertas y expertos en el \u00e1rea energ\u00e9tica a nivel nacional, quienes a se encargar\u00e1n de vida a la propuesta en un trabajo que se extender\u00e1 hasta septiembre del a\u00f1o en curso. Entre ellos\/as se encuentra la ingeniera qu\u00edmica e investigadora del Centro de Estudios de los Recursos Energ\u00e9ticos (CERE) de la Universidad de Magallanes, Mar\u00eda Luisa Ojeda, cuya trayectoria en el \u00e1mbito de la planificaci\u00f3n energ\u00e9tica, consolida, una vez m\u00e1s, el aporte investigativo de la UMAG en el desarrollo de la pol\u00edtica p\u00fablica energ\u00e9tica&nbsp; nacional.<\/p>\n\n\n\n<p>\u201cMe siento muy halagada al ser considerada como parte de este grupo t\u00e9cnico, donde muchos de los participantes tienen una amplia trayectoria en planificaci\u00f3n de sistemas energ\u00e9ticos, sobre todo porque este proceso trae consigo una serie de desaf\u00edos no considerados en el proceso anterior\u201d, manifest\u00f3 la acad\u00e9mica, quien detall\u00f3 que \u201cen esta oportunidad, no s\u00f3lo se considerar\u00e1 el sistema el\u00e9ctrico nacional (interconectado), sino que tambi\u00e9n los sistemas medianos y aislados, como un ejercicio o antesala a lo que puede ser una adecuaci\u00f3n de la Ley de Sistemas Medianos (potencia instalada menor a 200 MW), y su planificaci\u00f3n energ\u00e9tica obligatoria, de forma de ir impulsando la introducci\u00f3n de nuevas tecnolog\u00edas para la transici\u00f3n energ\u00e9tica hacia la carbono neutralidad\u201d.<\/p>\n\n\n\n<p>Por otro lado, Ojeda afirm\u00f3 que, en este trabajo, se van a ampliar las esferas de planificaci\u00f3n hacia la energ\u00eda en su conjunto, lo que queda demostrado con la incorporaci\u00f3n de especialistas del INFOR (Instituto Forestal), para incluir la energ\u00eda t\u00e9rmica, los biocombustibles, y los sumideros de bosque, as\u00ed como tambi\u00e9n expertos en torno al hidr\u00f3geno, \u201ces decir, \u2013a\u00f1adi\u00f3- se pensar\u00e1 sobre la infraestructura energ\u00e9tica que necesitaremos, no s\u00f3lo con relaci\u00f3n a costos y tarifas, sino que tambi\u00e9n en c\u00f3mo avanzamos en la reducci\u00f3n de emisiones, la captura de carbono y la introducci\u00f3n de nuevas tecnolog\u00edas .\u201d<\/p>\n\n\n\n<p>Respecto a c\u00f3mo operar\u00e1 el&nbsp;<strong><em>Grupo T\u00e9cnico Acompa\u00f1ante<\/em><\/strong>, la profesional indic\u00f3 que se espera -al menos- el desarrollo de tres sesiones ampliadas de trabajo de aqu\u00ed al&nbsp;<strong><em>21 de agosto<\/em><\/strong>, fecha donde debe presentarse la propuesta de documento cuyos ejes del proceso se centrar\u00e1n en: clima y externalidades, sociedad, modelos y prospecci\u00f3n, tecnolog\u00edas y medio ambiente y territorio. Para&nbsp;alcanzar estas metas definidas, el grupo tambi\u00e9n trabajar\u00e1 con 9 subgrupos correspondientes a: Escenarios Energ\u00e9ticos; Polos de Desarrollo; Modelo Energ\u00e9tico y Aspectos Sectoriales;&nbsp; Modelo El\u00e9ctrico e Hidr\u00f3geno Verde; Cambio Clim\u00e1tico, Cobeneficios y Externalidades; Seguridad, resiliencia y adaptaci\u00f3n; Tecnolog\u00edas y; Sistemas Medianos y Aislados.<\/p>\n\n\n\n<p>Con relaci\u00f3n a esto \u00faltimo, se\u00f1al\u00f3 que \u201ctodav\u00eda no existe claridad sobre la priorizaci\u00f3n de integrantes en los subgrupos de trabajo, solamente que esta parte ser\u00e1 opcional, en la medida que las y los participantes deseen contribuir m\u00e1s, espec\u00edficamente, con algunos temas, pero me imagino que, no s\u00f3lo se priorizar\u00e1 por intereses personales, sino que se considerar\u00e1 la experiencia y sobre todo los aspectos territoriales\u201d. En ese contexto, Ojeda cree que los subgrupos de&nbsp;<strong>Sistemas Medianos y Aislados<\/strong>, -donde Magallanes posee 4 de los 9 del pa\u00eds-&nbsp;<strong>Polos de Desarrollo<\/strong>; y&nbsp;<strong>Modelo El\u00e9ctrico e Hidr\u00f3geno Verde<\/strong>, \u201cdebieran ser los m\u00e1s importantes para la regi\u00f3n, sin perjuicio de que Cambio Clim\u00e1tico, Cobeneficios y Externalidades, tambi\u00e9n tienen una relevancia considerable\u201d.<\/p>\n\n\n\n<p>Por \u00faltimo, la investigadora subray\u00f3 que otro punto destacable dentro de este equipo designado para este nuevo proceso, es el&nbsp;<em>enfoque de g\u00e9nero<\/em>, ya que la representaci\u00f3n femenina pasa de un 18 % (proceso 2019) a un 50%. Junto con ello, dijo que sobresale tambi\u00e9n la&nbsp;<em>sostenibilidad<\/em>, pues se incorpora experiencia en materias sociales, ambientales, territoriales y tecnol\u00f3gicas;&nbsp;&nbsp;&nbsp;<em>la diversidad de temas<\/em>, el mejoramiento de modelo, escenarios energ\u00e9ticos, polos de desarrollo, proyecciones de demanda y oferta energ\u00e9tica, y experiencia regional; a lo que se suma, finalmente,&nbsp;<em>la orientaci\u00f3n a resultados<\/em>, ya que el grupo sesionar\u00e1 en base a reuniones ampliadas y subgrupos de trabajo para temas espec\u00edficos.<\/p>\n\n\n\n<p>El documento final reemplazar\u00e1 al Decreto N\u00b092 exento que \u201cAprueba Planificaci\u00f3n Energ\u00e9tica de Largo Plazo, Periodo 2018-2022\u201d que contiene los escenarios energ\u00e9ticos vigentes. De esta manera, el nuevo decreto contendr\u00e1 los nuevos escenarios energ\u00e9ticos de largo plazo, respectivos relatos y&nbsp; visiones, as\u00ed como los factores considerados en la construcci\u00f3n cuantitativa de los mismos.<\/p>\n","protected":false},"excerpt":{"rendered":"<p>Uno de los principales hitos del Ministerio de Energ\u00eda para este a\u00f1o, y que se suma a la actualizaci\u00f3n de la Pol\u00edtica Energ\u00e9tica Nacional, es la realizaci\u00f3n del segundo proceso&#8230; <a class=\"read-more\" href=\"https:\/\/www.radiopresidenteibanez.cl\/web\/investigadora-umag-participa-en-planificacion-energetica-de-largo-plazo-a-nivel-nacional\/\">Leer m\u00e1s<\/a><\/p>\n","protected":false},"author":2,"featured_media":19651,"comment_status":"closed","ping_status":"closed","sticky":false,"template":"","format":"standard","meta":{"footnotes":""},"categories":[1],"tags":[],"class_list":["post-19650","post","type-post","status-publish","format-standard","has-post-thumbnail","hentry","category-cronica"],"_links":{"self":[{"href":"https:\/\/www.radiopresidenteibanez.cl\/web\/wp-json\/wp\/v2\/posts\/19650","targetHints":{"allow":["GET"]}}],"collection":[{"href":"https:\/\/www.radiopresidenteibanez.cl\/web\/wp-json\/wp\/v2\/posts"}],"about":[{"href":"https:\/\/www.radiopresidenteibanez.cl\/web\/wp-json\/wp\/v2\/types\/post"}],"author":[{"embeddable":true,"href":"https:\/\/www.radiopresidenteibanez.cl\/web\/wp-json\/wp\/v2\/users\/2"}],"replies":[{"embeddable":true,"href":"https:\/\/www.radiopresidenteibanez.cl\/web\/wp-json\/wp\/v2\/comments?post=19650"}],"version-history":[{"count":0,"href":"https:\/\/www.radiopresidenteibanez.cl\/web\/wp-json\/wp\/v2\/posts\/19650\/revisions"}],"wp:featuredmedia":[{"embeddable":true,"href":"https:\/\/www.radiopresidenteibanez.cl\/web\/wp-json\/wp\/v2\/media\/19651"}],"wp:attachment":[{"href":"https:\/\/www.radiopresidenteibanez.cl\/web\/wp-json\/wp\/v2\/media?parent=19650"}],"wp:term":[{"taxonomy":"category","embeddable":true,"href":"https:\/\/www.radiopresidenteibanez.cl\/web\/wp-json\/wp\/v2\/categories?post=19650"},{"taxonomy":"post_tag","embeddable":true,"href":"https:\/\/www.radiopresidenteibanez.cl\/web\/wp-json\/wp\/v2\/tags?post=19650"}],"curies":[{"name":"wp","href":"https:\/\/api.w.org\/{rel}","templated":true}]}}