{"id":19647,"date":"2021-03-31T13:12:36","date_gmt":"2021-03-31T13:12:36","guid":{"rendered":"https:\/\/www.radiopresidenteibanez.cl\/web\/?p=19647"},"modified":"2021-03-31T13:12:40","modified_gmt":"2021-03-31T13:12:40","slug":"ministra-schmidt-informa-el-inicio-de-la-ley-de-reciclaje-para-los-envases-y-embalajes-que-establece-ambiciosas-metas","status":"publish","type":"post","link":"https:\/\/www.radiopresidenteibanez.cl\/web\/ministra-schmidt-informa-el-inicio-de-la-ley-de-reciclaje-para-los-envases-y-embalajes-que-establece-ambiciosas-metas\/","title":{"rendered":"MINISTRA SCHMIDT INFORMA EL INICIO DE LA LEY DE RECICLAJE PARA LOS ENVASES Y EMBALAJES QUE ESTABLECE AMBICIOSAS METAS"},"content":{"rendered":"\n<p>La ministra del Medio\nAmbiente, Carolina Schmidt inform\u00f3 que con la publicaci\u00f3n en el Diario Oficial\ndel decreto que establece las metas de recolecci\u00f3n y valorizaci\u00f3n se pone en\nmarcha la ley del reciclaje para los envases y embalajes de todos los productos\nmasivos que consumimos en el pa\u00eds, estableciendo ambiciosos objetivos y que\nllevar\u00e1 el \u201ccami\u00f3n del reciclaje\u201d a todo Chile.<\/p>\n\n\n\n<p><em>\u201cLa publicaci\u00f3n hoy\ndel decreto de envases y embalajes de la ley de reciclaje nos permitir\u00e1 cambiar\nla forma en que reciclamos en Chile, permiti\u00e9ndonos aumentar con fuerza las\ntasas de recolecci\u00f3n y valorizaci\u00f3n de millones de envases pl\u00e1sticos, de\nvidrio, metales, cart\u00f3n para l\u00edquidos y papeles y cartones. Establecimos que\nlas empresas deber\u00e1n implementar un sistema de recolecci\u00f3n puerta a puerta, es\ndecir, pasar\u00e1 el cami\u00f3n del reciclaje lo que nos permitir\u00e1 masificar y\ndemocratizar este servicio\u201d, sostuvo la ministra Schmidt.<\/em><\/p>\n\n\n\n<p>Este decreto obliga a\nlas empresas que ponen en el mercado productos envasados a que, organizadas en\nun sistema de gesti\u00f3n, se hagan cargo de la recolecci\u00f3n y reciclaje de ellos,\nestableciendo metas diferenciadas por material. <\/p>\n\n\n\n<p>Las metas permitir\u00e1n\nal pa\u00eds pasar del actual 12,5% de reciclaje de envases y embalajes\ndomiciliarios a un 60% de estos elementos en el mediano plazo, equivalente a\nlos pa\u00edses desarrollados. El decreto establece metas espec\u00edficas para cada\nmaterial: Cart\u00f3n para l\u00edquidos (60%), metal (55%), papel y cart\u00f3n (70%),\npl\u00e1sticos (45%) y vidrio (65%).<\/p>\n\n\n\n<p>Para alcanzar estas exigentes\nmetas, el decreto establece un esquema definitivo de recolecci\u00f3n domiciliaria para\nlos envases de vidrio, pl\u00e1stico o cart\u00f3n para l\u00edquidos, es decir, un \u201ccami\u00f3n\ndel reciclaje\u201d que ir\u00e1, puerta a puerta, a buscar estos envases.<\/p>\n\n\n\n<p><em>\u201cActualmente cada\npersona genera casi 1,3 kilos de basura al d\u00eda, pero reciclamos una fracci\u00f3n\nmuy peque\u00f1a de ello. Con la publicaci\u00f3n de este decreto se da&nbsp; inicio a una nueva forma de reciclar donde ya\nno es solo la ciudadan\u00eda la que tiene que ir a los puntos limpios, sino que las\nempresas deber\u00e1n organizar y financiar sistemas de gesti\u00f3n y recolecci\u00f3n del\nreciclaje de los envases y embalajes que generan, para llegar directamente a\nnuestros hogares\u201d, enfatiz\u00f3 la ministra Schmidt.<\/em><\/p>\n\n\n\n<p>Es as\u00ed que desde hoy,\nlas empresas estar\u00e1n obligadas a detallar la cantidad de pl\u00e1stico, metal,\nvidrio, cart\u00f3n, y tetrapak que introducen al mercado. A los dos a\u00f1os,\ncomenzar\u00e1n a aplicarse las multas en caso de incumplimientos, que pueden llegar\na las 10.000 UTA, es decir, casi $ 6.200 millones de pesos.<\/p>\n\n\n\n<p>Asimismo, las\nmunicipalidades deber\u00e1n elaborar ordenanzas para que los vecinos que cuenten\ncon el servicio del \u201ccami\u00f3n del reciclaje\u201d separen correctamente sus envases.\nSi no lo hacen, se expondr\u00e1n a multas y, adem\u00e1s, el cami\u00f3n del reciclaje no se\nllevar\u00e1 los envases mal clasificados o que no est\u00e9n en las condiciones \u00f3ptimas.<\/p>\n\n\n\n<p>En el a\u00f1o 1 de\naplicaci\u00f3n de las metas (2023), se establece que el 10% de las viviendas del\npa\u00eds tendr\u00e1n el retiro en su hogar de productos reciclables, sin embargo, se\nir\u00e1 avanzando gradualmente hasta alcanzar a una cobertura del 80% de los hogares\nde Chile para el a\u00f1o 12 (2034). Es decir, pr\u00e1cticamente la totalidad de las\nzonas urbanas del pa\u00eds tendr\u00e1n recolecci\u00f3n en su puerta de los envases\nreciclables.<\/p>\n\n\n\n<p><strong>El desaf\u00edo de nuestra\nregi\u00f3n <\/strong><\/p>\n\n\n\n<p>En la regi\u00f3n de\nMagallanes y de la Ant\u00e1rtica Chilena el desaf\u00edo sobre este decreto de envases y\nembalajes de la ley de reciclaje, es mayor. La lejan\u00eda a los centros que\nvalorizan estos residuos encarece los costos asociados a la gesti\u00f3n de los\nreciclables, lo que deriva en que estemos muy por debajo de la tasa de\nreciclaje actual. Esto implicar\u00e1 mayores esfuerzos para igualar las condiciones\nde infraestructura que permiten que otras regiones y comunas del pa\u00eds lleguen a\nestos porcentajes. <\/p>\n\n\n\n<p>Sin embargo, tambi\u00e9n\nse abren oportunidades para los distintos actores. Municipios, gestores,\nempresas y otras organizaciones, en conjunto podr\u00e1n cooperar con la labor de\naumentar la capacidad instalada y tecnolog\u00edas, proporcionando a la comunidad la\ninfraestructura y educaci\u00f3n necesaria para alcanzar las metas planteadas. Esto\nse acoplar\u00eda a las iniciativas que ya existen a nivel regional, como lo son los\npuntos verdes dependientes de los distinto municipios, centros de acopio de\nenvases y embalajes y neum\u00e1ticos, manejados por empresas privadas y la reciente\ninstalaci\u00f3n de empresas que vienen a cooperar con la disminuci\u00f3n en la\ngeneraci\u00f3n de los residuos domiciliarios. <\/p>\n\n\n\n<p><strong><em>\u201c<\/em><\/strong><em>Para\nnuestra regi\u00f3n de Magallanes este segundo decreto de la ley REP, sin duda trae\nmuchos beneficios en t\u00e9rminos de reciclaje y valorizaci\u00f3n, sabemos que como\nzona extrema es m\u00e1s complejo realizar este tipo de acciones producto del costo\nde transporte, en ese sentido la responsabilidad del productor sumado al\ncompromiso que como ciudadanos debemos adquirir para aumentar nuestro reciclaje,\nva a ser determinante para lograr alcanzar las metas de este nuevo e importante\ndecreto que finalmente contribuye a la sustentabilidad del medioambiente\u201d, Carlos Olave Solar, Seremi del Medio\nAmbiente.<\/em><\/p>\n\n\n\n<p><strong>Pilotos\ndel \u201ccami\u00f3n del reciclaje\u201d<\/strong><\/p>\n\n\n\n<p>Gracias a la ley de\nreciclaje ya se han iniciado proyectos piloto de recolecci\u00f3n domiciliaria de\nlos envases y embalajes. Es as\u00ed que, a trav\u00e9s del sistema de gesti\u00f3n organizado\npor el gremio de alimentos y bebidas AB Chile, existe un piloto en Providencia\nque tiene una cobertura del 90% de los edificios de esa comuna, mientras que en\nlos pr\u00f3ximos meses iniciar\u00e1n la operaci\u00f3n en Colina y Quilicura.<\/p>\n\n\n\n<p>Adem\u00e1s, a trav\u00e9s de\nla asociaci\u00f3n de municipios MSUR, ya se est\u00e1n ejecutando pilotos en Santiago\nCentro, San Miguel, San Bernardo, La Cisterna, Cerrillos, La Reina, Calera de\nTango, El Monte, Macul, El Bosque, Recoleta, La Granja y Pedro Aguirre Cerda.\nEstas comunas suman una cobertura de m\u00e1s de 200 mil hogares.<\/p>\n\n\n\n<p><strong>Formalizaci\u00f3n\nde recicladores<\/strong><\/p>\n\n\n\n<p>En el corto plazo, se\nestablece la obligaci\u00f3n de instalar puntos limpios o centros de acopio que\ngaranticen el acceso a estas instalaciones en el 75% de las comunas de Chile.\nDe esta manera, en cuatro a\u00f1os se instalar\u00e1n 350 nuevos puntos limpios, los que\nser\u00e1n operados por el sistema de gesti\u00f3n, con altos est\u00e1ndares de calidad.<\/p>\n\n\n\n<p>El sistema de\ngesti\u00f3n, que operar\u00e1 estas 350 nuevas instalaciones de recepci\u00f3n y\nalmacenamiento, deber\u00e1 incorporar a los recicladores de base en al menos el 50%\nde ellos.<\/p>\n","protected":false},"excerpt":{"rendered":"<p>La ministra del Medio Ambiente, Carolina Schmidt inform\u00f3 que con la publicaci\u00f3n en el Diario Oficial del decreto que establece las metas de recolecci\u00f3n y valorizaci\u00f3n se pone en marcha&#8230; <a class=\"read-more\" href=\"https:\/\/www.radiopresidenteibanez.cl\/web\/ministra-schmidt-informa-el-inicio-de-la-ley-de-reciclaje-para-los-envases-y-embalajes-que-establece-ambiciosas-metas\/\">Leer m\u00e1s<\/a><\/p>\n","protected":false},"author":2,"featured_media":19648,"comment_status":"closed","ping_status":"closed","sticky":false,"template":"","format":"standard","meta":{"footnotes":""},"categories":[1],"tags":[],"class_list":["post-19647","post","type-post","status-publish","format-standard","has-post-thumbnail","hentry","category-cronica"],"_links":{"self":[{"href":"https:\/\/www.radiopresidenteibanez.cl\/web\/wp-json\/wp\/v2\/posts\/19647","targetHints":{"allow":["GET"]}}],"collection":[{"href":"https:\/\/www.radiopresidenteibanez.cl\/web\/wp-json\/wp\/v2\/posts"}],"about":[{"href":"https:\/\/www.radiopresidenteibanez.cl\/web\/wp-json\/wp\/v2\/types\/post"}],"author":[{"embeddable":true,"href":"https:\/\/www.radiopresidenteibanez.cl\/web\/wp-json\/wp\/v2\/users\/2"}],"replies":[{"embeddable":true,"href":"https:\/\/www.radiopresidenteibanez.cl\/web\/wp-json\/wp\/v2\/comments?post=19647"}],"version-history":[{"count":0,"href":"https:\/\/www.radiopresidenteibanez.cl\/web\/wp-json\/wp\/v2\/posts\/19647\/revisions"}],"wp:featuredmedia":[{"embeddable":true,"href":"https:\/\/www.radiopresidenteibanez.cl\/web\/wp-json\/wp\/v2\/media\/19648"}],"wp:attachment":[{"href":"https:\/\/www.radiopresidenteibanez.cl\/web\/wp-json\/wp\/v2\/media?parent=19647"}],"wp:term":[{"taxonomy":"category","embeddable":true,"href":"https:\/\/www.radiopresidenteibanez.cl\/web\/wp-json\/wp\/v2\/categories?post=19647"},{"taxonomy":"post_tag","embeddable":true,"href":"https:\/\/www.radiopresidenteibanez.cl\/web\/wp-json\/wp\/v2\/tags?post=19647"}],"curies":[{"name":"wp","href":"https:\/\/api.w.org\/{rel}","templated":true}]}}